{"id":96929,"date":"2016-10-07T17:25:03","date_gmt":"2016-10-07T20:25:03","guid":{"rendered":"http:\/\/www.redenoticia.com.br\/noticia\/?p=96929"},"modified":"2016-10-07T16:32:12","modified_gmt":"2016-10-07T19:32:12","slug":"novela-abismo-da-paixao-resumo-1010-damiao-nada-no-lago-esperando-elisa","status":"publish","type":"post","link":"https:\/\/www.redenoticia.com.br\/noticia\/2016\/novela-abismo-da-paixao-resumo-1010-damiao-nada-no-lago-esperando-elisa\/96929","title":{"rendered":"Novela \u201cAbismo da Paix\u00e3o\u201d resumo 10\/10: Dami\u00e3o exige que Carmem o deixe em paz"},"content":{"rendered":"<p><img loading=\"lazy\" decoding=\"async\" class=\"alignleft size-thumbnail wp-image-81978\" src=\"https:\/\/www.redenoticia.com.br\/noticia\/imagens\/abismo_de_paixao_sbt_resumo_novela-150x112.jpg\" alt=\"abismo_de_paixao_sbt_resumo_novela\" width=\"150\" height=\"112\" srcset=\"https:\/\/www.redenoticia.com.br\/noticia\/imagens\/abismo_de_paixao_sbt_resumo_novela-150x112.jpg 150w, https:\/\/www.redenoticia.com.br\/noticia\/imagens\/abismo_de_paixao_sbt_resumo_novela-265x198.jpg 265w\" sizes=\"auto, (max-width: 150px) 100vw, 150px\" \/><strong><em>Novela \u201cAbismo da Paix\u00e3o\u201d resumo 10\/10<\/em><\/strong>: decidida a infernizar mais a vida de Elisa, Carmem encontra Dami\u00e3o e o beija apaixonadamente. Ele exige que ela jamais volte a fazer isso. J\u00e1 Ramiro descobre que quem comprou a fazenda foi Elisa e informa Carmem. Esta fica furiosa e vai atr\u00e1s de Elisa. Carmem chega \u00e0 fazenda Bouvier e exige que Dolores a diga onde est\u00e1 sua sobrinha. Ela responde que a garota foi nadar no lago. Dami\u00e3o est\u00e1 a nadar no lago, a espera de Elisa. Sem que ele perceba, algu\u00e9m chega e come\u00e7a a beij\u00e1-lo. Essa pessoa \u00e9 Carmem. Ao se dar conta disso, Dami\u00e3o exige novamente que ela o deixe em paz e a lembra que a \u00fanica coisa que desperta nele \u00e9 pena. Carmem responde que jamais vai permitir que ele seja feliz com Elisa. <\/p>\n<p>No cap\u00edtulo 141 (*), novela \u201cAbismo da Paix\u00e3o\u201d, segunda-feira, 10 de outubro \u2013 Henrique pede a Flor\u00eancia que se deem uma oportunidade. Carmem chega a fazenda Bouvier e exige que Dolores a diga onde est\u00e1 Elisa. Ela responde que a garota foi nadar no lago. Dami\u00e3o est\u00e1 nadando no lago, a espera de Elisa. Sem que ele perceba, algu\u00e9m chega e come\u00e7a a beij\u00e1-lo. Essa pessoa \u00e9 Carmem. Ao se dar conta disso, Dami\u00e3o exige novamente que Carmem o deixe em paz e a lembra que a \u00fanica coisa que desperta nele \u00e9 pena. Carmem responde que jamais permitir\u00e1 que ele seja feliz com Elisa. Na fazenda, Ramiro agride Dolores, mas Hor\u00e1cio aparece e a defende. Ramiro amea\u00e7a matar Dolores caso Hor\u00e1cio diga algo sobre o assassinato de Guadalupe.<\/p>\n<p>Hor\u00e1cio tenta levar Dolores com ele, mas ela resiste. Br\u00e1ulio pede que a deixe em paz, j\u00e1 que Dolores n\u00e3o o ama. Hor\u00e1cio insiste em levar Dolores, mas ela resiste e grita, dizendo amar Br\u00e1ulio. Almerinda pede a Lucio que a ajude a vingar se de Ramiro. Lucio a aconselha a pensar bem, pois ela sabe que esteve errada quanto a Estef\u00e2nia e Elisa. Elisa enfrenta Carmem deixando claro que ela n\u00e3o deve voltar a se meter com Dami\u00e3o. Almerinda se lembra que as \u00faltimas palavras de Guadalupe foram para uma uni\u00e3o entre Elisa e Dami\u00e3o.<\/p>\n<p>Ela procura a garota para lhe pedir que se case com seu filho. Gael pede a Elisa que n\u00e3o se associe a Dami\u00e3o, j\u00e1 que eles lutaram juntos para levantar a processadora e n\u00e3o \u00e9 justo que Dami\u00e3o chegue apenas para mandar. Elisa o lembra que essa decis\u00e3o n\u00e3o \u00e9 dele. Br\u00e1ulio pede permiss\u00e3o a Elisa para ficar e dormir na fazenda por uns dias, a fim de proteg\u00ea-las de Hor\u00e1cio.<\/p>\n<p>(*) edi\u00e7\u00e3o do SBT, Novela \u201cAbismo da Paix\u00e3o\u201d, sujeito a altera\u00e7\u00e3o de data e conte\u00fado.<\/p>\n","protected":false},"excerpt":{"rendered":"<p>Novela \u201cAbismo da Paix\u00e3o\u201d resumo 10\/10: decidida a infernizar mais a vida de Elisa, Carmem encontra Dami\u00e3o e o beija apaixonadamente. Ele exige que ela jamais volte a fazer isso. J\u00e1 Ramiro descobre que quem comprou a fazenda foi Elisa e informa Carmem. Esta fica furiosa e vai atr\u00e1s de Elisa. Carmem chega \u00e0 fazenda [&hellip;]<\/p>\n","protected":false},"author":4,"featured_media":81978,"comment_status":"open","ping_status":"closed","sticky":false,"template":"","format":"standard","meta":{"_genesis_hide_title":false,"_genesis_hide_breadcrumbs":false,"_genesis_hide_singular_image":false,"_genesis_hide_footer_widgets":false,"_genesis_custom_body_class":"","_genesis_custom_post_class":"","_genesis_layout":"","_jetpack_memberships_contains_paid_content":false,"footnotes":""},"categories":[379,372,343],"tags":[441],"class_list":{"0":"post-96929","1":"post","2":"type-post","3":"status-publish","4":"format-standard","5":"has-post-thumbnail","7":"category-novelas","8":"category-sbt","9":"category-televisao","10":"tag-resumo-do-dia","11":"entry","12":"gs-1","13":"gs-odd","14":"gs-even","15":"gs-featured-content-entry"},"jetpack_featured_media_url":"https:\/\/www.redenoticia.com.br\/noticia\/imagens\/abismo_de_paixao_sbt_resumo_novela.jpg","jetpack_sharing_enabled":true,"jetpack_likes_enabled":true,"_links":{"self":[{"href":"https:\/\/www.redenoticia.com.br\/noticia\/wp-json\/wp\/v2\/posts\/96929","targetHints":{"allow":["GET"]}}],"collection":[{"href":"https:\/\/www.redenoticia.com.br\/noticia\/wp-json\/wp\/v2\/posts"}],"about":[{"href":"https:\/\/www.redenoticia.com.br\/noticia\/wp-json\/wp\/v2\/types\/post"}],"author":[{"embeddable":true,"href":"https:\/\/www.redenoticia.com.br\/noticia\/wp-json\/wp\/v2\/users\/4"}],"replies":[{"embeddable":true,"href":"https:\/\/www.redenoticia.com.br\/noticia\/wp-json\/wp\/v2\/comments?post=96929"}],"version-history":[{"count":0,"href":"https:\/\/www.redenoticia.com.br\/noticia\/wp-json\/wp\/v2\/posts\/96929\/revisions"}],"wp:featuredmedia":[{"embeddable":true,"href":"https:\/\/www.redenoticia.com.br\/noticia\/wp-json\/wp\/v2\/media\/81978"}],"wp:attachment":[{"href":"https:\/\/www.redenoticia.com.br\/noticia\/wp-json\/wp\/v2\/media?parent=96929"}],"wp:term":[{"taxonomy":"category","embeddable":true,"href":"https:\/\/www.redenoticia.com.br\/noticia\/wp-json\/wp\/v2\/categories?post=96929"},{"taxonomy":"post_tag","embeddable":true,"href":"https:\/\/www.redenoticia.com.br\/noticia\/wp-json\/wp\/v2\/tags?post=96929"}],"curies":[{"name":"wp","href":"https:\/\/api.w.org\/{rel}","templated":true}]}}