{"id":96881,"date":"2016-10-07T06:08:46","date_gmt":"2016-10-07T09:08:46","guid":{"rendered":"http:\/\/www.redenoticia.com.br\/noticia\/?p=96881"},"modified":"2016-10-06T16:58:38","modified_gmt":"2016-10-06T19:58:38","slug":"custo-da-cesta-basica-cai-em-14-capitais","status":"publish","type":"post","link":"https:\/\/www.redenoticia.com.br\/noticia\/2016\/custo-da-cesta-basica-cai-em-14-capitais\/96881","title":{"rendered":"Custo da cesta b\u00e1sica cai em 14 capitais"},"content":{"rendered":"<p> A Pesquisa Nacional da <strong><em>Cesta B\u00e1sica<\/em><\/strong> de Alimentos, do Departamento Intersindical de Estat\u00edstica e Estudos Socioecon\u00f4micos (Dieese), em 27 capitais do pa\u00eds, mostra que o conjunto dos itens aliment\u00edcios considerados essenciais na mesa dos brasileiros ficou mais barato, em setembro, em 14 localidades, ao mesmo tempo em que subiu de pre\u00e7o em 13 cidades.<\/p>\n<p>O maior reajuste ocorreu em Bras\u00edlia (2,37%), seguido de Salvador (1,46%), Fortaleza (1,42%) e Recife (1,06%). Em sentido oposto, as maiores quedas foram registradas em Macap\u00e1 (-5,18%), Goi\u00e2nia (-4,31%). Campo Grande (-1,95%) e Belo Horizonte (-1,88%).<\/p>\n<p>Os ga\u00fachos s\u00e3o os que est\u00e3o pagando mais pelos produtos. Em Porto Alegre,o valor da cesta b\u00e1sica atingiu R$ 477,69, o que significa um aumento de 0,71% sobre o m\u00eas anterior e uma alta acumulada de 12,56% desde o come\u00e7o do ano. Ainda na lista das localidades com os maiores custos aparecem S\u00e3o Paulo (R$ 471,57, mas baixa de 0,75% sobre agosto) e Bras\u00edlia (R$ 461,99, 2,37% mais).<\/p>\n<p>Em Natal, foi encontrado o menor valor (R$ 367,54, com alta de 0,57%) e Aracaju (R$ 371,30, com aumento de 0,16%).<\/p>\n<p>De janeiro a setembro, os maiores reajustes ocorreram nas seguintes localidades: Boa Vista (22,02% e valor de R$ 444,04); Macei\u00f3 (21,67%) e valor de R$ 394,75) e Salvador (21,54% e valor de R$ 381,93).J\u00e1 as corre\u00e7\u00f5es mais baixas, nesse acumulado, foram constatadas em Florian\u00f3polis (5,89% e valor de R$ 449,05); Curitiba (8,45% e valor de R$ 424,87) e Manaus (9,15% e valor de R$ 401,44).<\/p>\n<p>O valor do sal\u00e1rio m\u00ednimo, considerado ideal pelo Dieese, foi estimado em R$ 4.013,08, o que \u00e9 4,56 vezes mais do que o m\u00ednimo em vigor (R$ 880,00). Em agosto, a entidade tinha avaliado em R$ 3.991,40, valor 4,54 vezes acima do piso oficial.<\/p>\n<p>Pelos c\u00e1lculos do Dieese, o comprometimento da jornada de trabalho para a compra da cesta b\u00e1sica foi de 103 horas e 31 minutos e considerando o sal\u00e1rio m\u00ednimo, o valor da aquisi\u00e7\u00e3o foi correspondente a 51,14% do ganho, um pouco abaixo do registrado em agosto (51,38%).<\/p>\n<p>Entre os 13 produtos pesquisados, os que mais subiram de pre\u00e7o foram o caf\u00e9, mais caro em 24 cidades; a manteiga (em 22 capitais); o arroz (em 20 ); e a carne bovina de primeira (em 20). J\u00e1 entre os itens com as quedas mais expressivas est\u00e3o a batata (em 11 cidades) e o feij\u00e3o (em 21).<\/p>\n<p>Marli Moreira \u2013 Rep\u00f3rter da Ag\u00eancia Brasil<br \/>\nEdi\u00e7\u00e3o: Maria Claudia<br \/>\n07\/10\/2016<\/p>\n","protected":false},"excerpt":{"rendered":"<p>A Pesquisa Nacional da Cesta B\u00e1sica de Alimentos, do Departamento Intersindical de Estat\u00edstica e Estudos Socioecon\u00f4micos (Dieese), em 27 capitais do pa\u00eds, mostra que o conjunto dos itens aliment\u00edcios considerados essenciais na mesa dos brasileiros ficou mais barato, em setembro, em 14 localidades, ao mesmo tempo em que subiu de pre\u00e7o em 13 cidades. O [&hellip;]<\/p>\n","protected":false},"author":2,"featured_media":57584,"comment_status":"open","ping_status":"closed","sticky":false,"template":"","format":"standard","meta":{"_genesis_hide_title":false,"_genesis_hide_breadcrumbs":false,"_genesis_hide_singular_image":false,"_genesis_hide_footer_widgets":false,"_genesis_custom_body_class":"","_genesis_custom_post_class":"","_genesis_layout":"","_jetpack_memberships_contains_paid_content":false,"footnotes":""},"categories":[22,7],"tags":[],"class_list":{"0":"post-96881","1":"post","2":"type-post","3":"status-publish","4":"format-standard","5":"has-post-thumbnail","7":"category-brasil","8":"category-economia","9":"entry","10":"gs-1","11":"gs-odd","12":"gs-even","13":"gs-featured-content-entry"},"jetpack_featured_media_url":"https:\/\/www.redenoticia.com.br\/noticia\/imagens\/economia-grafica-analise-inflacao.jpg","jetpack_sharing_enabled":true,"jetpack_likes_enabled":true,"_links":{"self":[{"href":"https:\/\/www.redenoticia.com.br\/noticia\/wp-json\/wp\/v2\/posts\/96881","targetHints":{"allow":["GET"]}}],"collection":[{"href":"https:\/\/www.redenoticia.com.br\/noticia\/wp-json\/wp\/v2\/posts"}],"about":[{"href":"https:\/\/www.redenoticia.com.br\/noticia\/wp-json\/wp\/v2\/types\/post"}],"author":[{"embeddable":true,"href":"https:\/\/www.redenoticia.com.br\/noticia\/wp-json\/wp\/v2\/users\/2"}],"replies":[{"embeddable":true,"href":"https:\/\/www.redenoticia.com.br\/noticia\/wp-json\/wp\/v2\/comments?post=96881"}],"version-history":[{"count":0,"href":"https:\/\/www.redenoticia.com.br\/noticia\/wp-json\/wp\/v2\/posts\/96881\/revisions"}],"wp:featuredmedia":[{"embeddable":true,"href":"https:\/\/www.redenoticia.com.br\/noticia\/wp-json\/wp\/v2\/media\/57584"}],"wp:attachment":[{"href":"https:\/\/www.redenoticia.com.br\/noticia\/wp-json\/wp\/v2\/media?parent=96881"}],"wp:term":[{"taxonomy":"category","embeddable":true,"href":"https:\/\/www.redenoticia.com.br\/noticia\/wp-json\/wp\/v2\/categories?post=96881"},{"taxonomy":"post_tag","embeddable":true,"href":"https:\/\/www.redenoticia.com.br\/noticia\/wp-json\/wp\/v2\/tags?post=96881"}],"curies":[{"name":"wp","href":"https:\/\/api.w.org\/{rel}","templated":true}]}}