{"id":96879,"date":"2016-10-07T06:07:47","date_gmt":"2016-10-07T09:07:47","guid":{"rendered":"http:\/\/www.redenoticia.com.br\/noticia\/?p=96879"},"modified":"2016-10-06T16:59:24","modified_gmt":"2016-10-06T19:59:24","slug":"cni-diz-que-emprego-na-industria-tem-queda-de-04","status":"publish","type":"post","link":"https:\/\/www.redenoticia.com.br\/noticia\/2016\/cni-diz-que-emprego-na-industria-tem-queda-de-04\/96879","title":{"rendered":"CNI diz que emprego na ind\u00fastria tem queda de 0,4%"},"content":{"rendered":"<p> O <strong><em>emprego na ind\u00fastria<\/em><\/strong> recuou 0,4% em agosto frente a julho, conforme dados, com ajustes para o per\u00edodo, divulgados na pesquisa Indicadores Industriais da Confedera\u00e7\u00e3o Nacional da Ind\u00fastria (CNI). Essa foi a 19\u00aa queda consecutiva do emprego, que atingiu o menor patamar desde novembro de 2004. No acumulado dos 19 meses, o indicador caiu 12,8%, na s\u00e9rie livre de efeitos sazonais.<\/p>\n<p>A massa salarial dos trabalhadores do setor continua diminuindo. Em agosto, o indicador caiu mais 0,6% frente a julho. O rendimento m\u00e9dio recuou 0,3% na mesma compara\u00e7\u00e3o.<\/p>\n<p>Segundo a CNI, a retra\u00e7\u00e3o do emprego \u00e9 consequ\u00eancia do quadro recessivo da ind\u00fastria. O faturamento da ind\u00fastria caiu 3,9% e as horas trabalhadas na produ\u00e7\u00e3o recuaram 3,2% em agosto na compara\u00e7\u00e3o com julho, segundo dados com ajustes sazonais.<\/p>\n<p>A ind\u00fastria operou, em m\u00e9dia, com 77,1% da capacidade instalada em agosto, uma alta de 0,3 ponto percentual em rela\u00e7\u00e3o a julho.<\/p>\n<p>Da Ag\u00eancia Brasil<br \/>\nEdi\u00e7\u00e3o: Kleber Sampaio<br \/>\n07\/10\/2016<br \/>\n&#8212;<\/p>\n<p>A Empresa Brasil de Comunica\u00e7\u00e3o \u00e9 uma institui\u00e7\u00e3o da democracia brasileira: p\u00fablica, inclusiva e cidad\u00e3.  Criada em 2007 para fortalecer o sistema p\u00fablico de comunica\u00e7\u00e3o, \u00e9 gestora dos canais TV Brasil, TV Brasil Internacional, Ag\u00eancia Brasil, Radioag\u00eancia Nacional e do sistema p\u00fablico de R\u00e1dio \u2013 composto por oito emissoras. Estes, por sua independ\u00eancia editorial, distinguem-se dos canais estatais ou governamentais, com conte\u00fados diferenciados e complementares aos canais privados. Os ve\u00edculos da EBC t\u00eam autonomia para definir produ\u00e7\u00e3o, programa\u00e7\u00e3o e distribui\u00e7\u00e3o de conte\u00fados.<\/p>\n","protected":false},"excerpt":{"rendered":"<p>O emprego na ind\u00fastria recuou 0,4% em agosto frente a julho, conforme dados, com ajustes para o per\u00edodo, divulgados na pesquisa Indicadores Industriais da Confedera\u00e7\u00e3o Nacional da Ind\u00fastria (CNI). Essa foi a 19\u00aa queda consecutiva do emprego, que atingiu o menor patamar desde novembro de 2004. No acumulado dos 19 meses, o indicador caiu 12,8%, [&hellip;]<\/p>\n","protected":false},"author":2,"featured_media":57585,"comment_status":"open","ping_status":"closed","sticky":false,"template":"","format":"standard","meta":{"_genesis_hide_title":false,"_genesis_hide_breadcrumbs":false,"_genesis_hide_singular_image":false,"_genesis_hide_footer_widgets":false,"_genesis_custom_body_class":"","_genesis_custom_post_class":"","_genesis_layout":"","_jetpack_memberships_contains_paid_content":false,"footnotes":""},"categories":[22,7],"tags":[],"class_list":{"0":"post-96879","1":"post","2":"type-post","3":"status-publish","4":"format-standard","5":"has-post-thumbnail","7":"category-brasil","8":"category-economia","9":"entry","10":"gs-1","11":"gs-odd","12":"gs-even","13":"gs-featured-content-entry"},"jetpack_featured_media_url":"https:\/\/www.redenoticia.com.br\/noticia\/imagens\/analise-economia.jpg","jetpack_sharing_enabled":true,"jetpack_likes_enabled":true,"_links":{"self":[{"href":"https:\/\/www.redenoticia.com.br\/noticia\/wp-json\/wp\/v2\/posts\/96879","targetHints":{"allow":["GET"]}}],"collection":[{"href":"https:\/\/www.redenoticia.com.br\/noticia\/wp-json\/wp\/v2\/posts"}],"about":[{"href":"https:\/\/www.redenoticia.com.br\/noticia\/wp-json\/wp\/v2\/types\/post"}],"author":[{"embeddable":true,"href":"https:\/\/www.redenoticia.com.br\/noticia\/wp-json\/wp\/v2\/users\/2"}],"replies":[{"embeddable":true,"href":"https:\/\/www.redenoticia.com.br\/noticia\/wp-json\/wp\/v2\/comments?post=96879"}],"version-history":[{"count":0,"href":"https:\/\/www.redenoticia.com.br\/noticia\/wp-json\/wp\/v2\/posts\/96879\/revisions"}],"wp:featuredmedia":[{"embeddable":true,"href":"https:\/\/www.redenoticia.com.br\/noticia\/wp-json\/wp\/v2\/media\/57585"}],"wp:attachment":[{"href":"https:\/\/www.redenoticia.com.br\/noticia\/wp-json\/wp\/v2\/media?parent=96879"}],"wp:term":[{"taxonomy":"category","embeddable":true,"href":"https:\/\/www.redenoticia.com.br\/noticia\/wp-json\/wp\/v2\/categories?post=96879"},{"taxonomy":"post_tag","embeddable":true,"href":"https:\/\/www.redenoticia.com.br\/noticia\/wp-json\/wp\/v2\/tags?post=96879"}],"curies":[{"name":"wp","href":"https:\/\/api.w.org\/{rel}","templated":true}]}}