{"id":96817,"date":"2016-10-06T06:09:40","date_gmt":"2016-10-06T09:09:40","guid":{"rendered":"http:\/\/www.redenoticia.com.br\/noticia\/?p=96817"},"modified":"2016-10-05T22:52:50","modified_gmt":"2016-10-06T01:52:50","slug":"venda-de-veiculos-automotores-tem-queda-de-1292-em-setembro-diz-fenabrave","status":"publish","type":"post","link":"https:\/\/www.redenoticia.com.br\/noticia\/2016\/venda-de-veiculos-automotores-tem-queda-de-1292-em-setembro-diz-fenabrave\/96817","title":{"rendered":"Venda de ve\u00edculos automotores tem queda de 12,92% em setembro, diz Fenabrave"},"content":{"rendered":"<p> A <strong><em>venda de ve\u00edculos automotores<\/em><\/strong> &#8211; que inclui autom\u00f3veis comerciais leves, caminh\u00f5es, \u00f4nibus, motocicletas, implementos rodovi\u00e1rios e outros &#8211; teve queda de 12,92% em setembro na compara\u00e7\u00e3o com agosto e queda de 22,58% na compara\u00e7\u00e3o com o mesmo m\u00eas do ano passado. O dado foi divulgado pela Federa\u00e7\u00e3o Nacional da Distribui\u00e7\u00e3o de Ve\u00edculos Automotores (Fenabrave), entidade que representa mais de sete mil concession\u00e1rias no pa\u00eds. Em setembro, segundo a Fenabrave, foram emplacados 240.326 ve\u00edculos automotores.<\/p>\n<p>Entre janeiro e setembro deste ano, na compara\u00e7\u00e3o com o mesmo per\u00edodo do ano passado, o recuo foi de 20,84%, com o emplacamento de 2.380.807 unidades.<\/p>\n<p>Considerando-se apenas os autom\u00f3veis e os comerciais leves, a queda em setembro foi de 12,98% sobre agosto e de 19,53% na compara\u00e7\u00e3o com setembro de 2015, com o emplacamento de 154.979 unidades. No acumulado do ano, o recuo foi de 22,46%, com a comercializa\u00e7\u00e3o de 1.458.952 unidades.<\/p>\n<p>&#8220;Apesar do \u00edndice de confian\u00e7a do consumidor j\u00e1 ter apresentado uma melhora, as recentes mudan\u00e7as no cen\u00e1rio pol\u00edtico ainda n\u00e3o refletiram na efetiva\u00e7\u00e3o das medidas a serem tomadas na economia. As altas taxas de desemprego tamb\u00e9m preocupam o consumidor que, por essas raz\u00f5es, permanece retra\u00eddo para compras\u201d, disse Alarico Assump\u00e7\u00e3o J\u00fanior, presidente da Fenabrave.<\/p>\n<p>At\u00e9 o final deste ano, a Fenabrave acredita que o emplacamento de ve\u00edculos automotores, que considera todos os segmentos, apresente queda de 19,33%.<\/p>\n<p>Usados<\/p>\n<p>As transa\u00e7\u00f5es envolvendo ve\u00edculos usados, considerando tamb\u00e9m todos os segmentos, recuaram 10,04% em setembro na compara\u00e7\u00e3o com agosto, totalizando 1.134.393 unidades.<\/p>\n<p>Elaine Patricia Cruz \u2013 Rep\u00f3rter da Ag\u00eancia Brasil<br \/>\nEdi\u00e7\u00e3o: Maria Claudia<br \/>\n06\/10\/2016<\/p>\n","protected":false},"excerpt":{"rendered":"<p>A venda de ve\u00edculos automotores &#8211; que inclui autom\u00f3veis comerciais leves, caminh\u00f5es, \u00f4nibus, motocicletas, implementos rodovi\u00e1rios e outros &#8211; teve queda de 12,92% em setembro na compara\u00e7\u00e3o com agosto e queda de 22,58% na compara\u00e7\u00e3o com o mesmo m\u00eas do ano passado. O dado foi divulgado pela Federa\u00e7\u00e3o Nacional da Distribui\u00e7\u00e3o de Ve\u00edculos Automotores (Fenabrave), [&hellip;]<\/p>\n","protected":false},"author":2,"featured_media":57583,"comment_status":"open","ping_status":"closed","sticky":false,"template":"","format":"standard","meta":{"_genesis_hide_title":false,"_genesis_hide_breadcrumbs":false,"_genesis_hide_singular_image":false,"_genesis_hide_footer_widgets":false,"_genesis_custom_body_class":"","_genesis_custom_post_class":"","_genesis_layout":"","_jetpack_memberships_contains_paid_content":false,"footnotes":""},"categories":[22,7],"tags":[],"class_list":{"0":"post-96817","1":"post","2":"type-post","3":"status-publish","4":"format-standard","5":"has-post-thumbnail","7":"category-brasil","8":"category-economia","9":"entry","10":"gs-1","11":"gs-odd","12":"gs-even","13":"gs-featured-content-entry"},"jetpack_featured_media_url":"https:\/\/www.redenoticia.com.br\/noticia\/imagens\/economia-grafico.jpg","jetpack_sharing_enabled":true,"jetpack_likes_enabled":true,"_links":{"self":[{"href":"https:\/\/www.redenoticia.com.br\/noticia\/wp-json\/wp\/v2\/posts\/96817","targetHints":{"allow":["GET"]}}],"collection":[{"href":"https:\/\/www.redenoticia.com.br\/noticia\/wp-json\/wp\/v2\/posts"}],"about":[{"href":"https:\/\/www.redenoticia.com.br\/noticia\/wp-json\/wp\/v2\/types\/post"}],"author":[{"embeddable":true,"href":"https:\/\/www.redenoticia.com.br\/noticia\/wp-json\/wp\/v2\/users\/2"}],"replies":[{"embeddable":true,"href":"https:\/\/www.redenoticia.com.br\/noticia\/wp-json\/wp\/v2\/comments?post=96817"}],"version-history":[{"count":0,"href":"https:\/\/www.redenoticia.com.br\/noticia\/wp-json\/wp\/v2\/posts\/96817\/revisions"}],"wp:featuredmedia":[{"embeddable":true,"href":"https:\/\/www.redenoticia.com.br\/noticia\/wp-json\/wp\/v2\/media\/57583"}],"wp:attachment":[{"href":"https:\/\/www.redenoticia.com.br\/noticia\/wp-json\/wp\/v2\/media?parent=96817"}],"wp:term":[{"taxonomy":"category","embeddable":true,"href":"https:\/\/www.redenoticia.com.br\/noticia\/wp-json\/wp\/v2\/categories?post=96817"},{"taxonomy":"post_tag","embeddable":true,"href":"https:\/\/www.redenoticia.com.br\/noticia\/wp-json\/wp\/v2\/tags?post=96817"}],"curies":[{"name":"wp","href":"https:\/\/api.w.org\/{rel}","templated":true}]}}