{"id":96815,"date":"2016-10-06T06:08:16","date_gmt":"2016-10-06T09:08:16","guid":{"rendered":"http:\/\/www.redenoticia.com.br\/noticia\/?p=96815"},"modified":"2016-10-05T22:51:23","modified_gmt":"2016-10-06T01:51:23","slug":"indice-de-commodities-tem-alta-de-184-em-setembro","status":"publish","type":"post","link":"https:\/\/www.redenoticia.com.br\/noticia\/2016\/indice-de-commodities-tem-alta-de-184-em-setembro\/96815","title":{"rendered":"\u00cdndice de commodities tem alta de 1,84% em setembro"},"content":{"rendered":"<p> Os pre\u00e7os das <strong><em>commodities<\/em><\/strong>, produtos prim\u00e1rios com cota\u00e7\u00e3o internacional, subiram em setembro. O \u00cdndice de Commodities Brasil (IC-Br), calculado mensalmente pelo Banco Central (BC), apresentou alta de 1,84% em setembro comparado a agosto deste ano. Em 12 meses encerrados em setembro, o \u00edndice acusou queda de 13,32% e no acumulado do ano, de 10,80%.<\/p>\n<p>O IC-Br \u00e9 calculado com base na varia\u00e7\u00e3o em reais dos pre\u00e7os de produtos prim\u00e1rios (commodities) brasileiros negociados no exterior. O BC observa os produtos que s\u00e3o relevantes para a din\u00e2mica dos pre\u00e7os ao consumidor no Brasil.<\/p>\n<p>No m\u00eas passado, o segmento de energia (petr\u00f3leo, g\u00e1s natural e carv\u00e3o) registrou alta de 3,22%, enquanto o de metais (alum\u00ednio, min\u00e9rio de ferro, cobre, estanho, zinco, chumbo e n\u00edquel) subiu 2,23%.<\/p>\n<p>O segmento agropecu\u00e1rio (carne de boi, algod\u00e3o, \u00f3leo de soja, trigo, a\u00e7\u00facar, milho, caf\u00e9, arroz e carne de porco) teve alta de 1,55%.<\/p>\n<p>O \u00edndice internacional de pre\u00e7os de commodities CRB, calculado pelo Commodity Research Bureau, teve queda de 0,21% em setembro e de 17,22%, em 12 meses.<\/p>\n<p>Kelly Oliveira &#8211; Rep\u00f3rter da Ag\u00eancia Brasil<br \/>\nEdi\u00e7\u00e3o: Kleber Sampaio<br \/>\n06\/10\/2016<\/p>\n","protected":false},"excerpt":{"rendered":"<p>Os pre\u00e7os das commodities, produtos prim\u00e1rios com cota\u00e7\u00e3o internacional, subiram em setembro. O \u00cdndice de Commodities Brasil (IC-Br), calculado mensalmente pelo Banco Central (BC), apresentou alta de 1,84% em setembro comparado a agosto deste ano. Em 12 meses encerrados em setembro, o \u00edndice acusou queda de 13,32% e no acumulado do ano, de 10,80%. O [&hellip;]<\/p>\n","protected":false},"author":2,"featured_media":57582,"comment_status":"open","ping_status":"closed","sticky":false,"template":"","format":"standard","meta":{"_genesis_hide_title":false,"_genesis_hide_breadcrumbs":false,"_genesis_hide_singular_image":false,"_genesis_hide_footer_widgets":false,"_genesis_custom_body_class":"","_genesis_custom_post_class":"","_genesis_layout":"","_jetpack_memberships_contains_paid_content":false,"footnotes":""},"categories":[22,7],"tags":[],"class_list":{"0":"post-96815","1":"post","2":"type-post","3":"status-publish","4":"format-standard","5":"has-post-thumbnail","7":"category-brasil","8":"category-economia","9":"entry","10":"gs-1","11":"gs-odd","12":"gs-even","13":"gs-featured-content-entry"},"jetpack_featured_media_url":"https:\/\/www.redenoticia.com.br\/noticia\/imagens\/grafico1.jpg","jetpack_sharing_enabled":true,"jetpack_likes_enabled":true,"_links":{"self":[{"href":"https:\/\/www.redenoticia.com.br\/noticia\/wp-json\/wp\/v2\/posts\/96815","targetHints":{"allow":["GET"]}}],"collection":[{"href":"https:\/\/www.redenoticia.com.br\/noticia\/wp-json\/wp\/v2\/posts"}],"about":[{"href":"https:\/\/www.redenoticia.com.br\/noticia\/wp-json\/wp\/v2\/types\/post"}],"author":[{"embeddable":true,"href":"https:\/\/www.redenoticia.com.br\/noticia\/wp-json\/wp\/v2\/users\/2"}],"replies":[{"embeddable":true,"href":"https:\/\/www.redenoticia.com.br\/noticia\/wp-json\/wp\/v2\/comments?post=96815"}],"version-history":[{"count":0,"href":"https:\/\/www.redenoticia.com.br\/noticia\/wp-json\/wp\/v2\/posts\/96815\/revisions"}],"wp:featuredmedia":[{"embeddable":true,"href":"https:\/\/www.redenoticia.com.br\/noticia\/wp-json\/wp\/v2\/media\/57582"}],"wp:attachment":[{"href":"https:\/\/www.redenoticia.com.br\/noticia\/wp-json\/wp\/v2\/media?parent=96815"}],"wp:term":[{"taxonomy":"category","embeddable":true,"href":"https:\/\/www.redenoticia.com.br\/noticia\/wp-json\/wp\/v2\/categories?post=96815"},{"taxonomy":"post_tag","embeddable":true,"href":"https:\/\/www.redenoticia.com.br\/noticia\/wp-json\/wp\/v2\/tags?post=96815"}],"curies":[{"name":"wp","href":"https:\/\/api.w.org\/{rel}","templated":true}]}}