{"id":96813,"date":"2016-10-06T06:07:23","date_gmt":"2016-10-06T09:07:23","guid":{"rendered":"http:\/\/www.redenoticia.com.br\/noticia\/?p=96813"},"modified":"2016-10-05T22:54:31","modified_gmt":"2016-10-06T01:54:31","slug":"saida-de-dolares-do-pais-supera-entrada-em-us-55-bilhoes-em-setembro","status":"publish","type":"post","link":"https:\/\/www.redenoticia.com.br\/noticia\/2016\/saida-de-dolares-do-pais-supera-entrada-em-us-55-bilhoes-em-setembro\/96813","title":{"rendered":"Sa\u00edda de d\u00f3lares do pa\u00eds supera entrada em US$ 5,5 bilh\u00f5es em setembro"},"content":{"rendered":"<p> As <strong><em>sa\u00eddas de d\u00f3lares<\/em><\/strong> do pa\u00eds superaram as entradas em US$ 5,539 bilh\u00f5es em setembro, segundo dados do Banco Central (BC). No mesmo m\u00eas do ano passado, o saldo negativo ficou em US$ 111 milh\u00f5es.<\/p>\n<p>De janeiro a setembro, o pa\u00eds acumula saldo negativo de US$ 15,760 bilh\u00f5es, contra o resultado positivo de US$ 11,165 bilh\u00f5es em igual per\u00edodo de 2015.<\/p>\n<p>Somente no m\u00eas passado, o fluxo financeiro (investimentos em t\u00edtulos, remessas de lucros e dividendos ao exterior e investimentos estrangeiros diretos, entre outras opera\u00e7\u00f5es) ficou negativo em US$ 6,330 bilh\u00f5es. J\u00e1 o fluxo comercial (opera\u00e7\u00f5es de c\u00e2mbio relacionadas a exporta\u00e7\u00f5es e importa\u00e7\u00f5es) teve saldo positivo de US$ 791 milh\u00f5es.<\/p>\n<p>Nos nove meses do ano, o fluxo comercial ficou positivo em US$ 32,968 bilh\u00f5es e o financeiro, negativo em US$ 48,729 bilh\u00f5es.<\/p>\n<p>Kelly Oliveira &#8211; Rep\u00f3rter da Ag\u00eancia Brasil<br \/>\nEdi\u00e7\u00e3o: Kleber Sampaio<br \/>\n06\/10\/2016<br \/>\n&#8212;<\/p>\n<p>A Empresa Brasil de Comunica\u00e7\u00e3o \u00e9 uma institui\u00e7\u00e3o da democracia brasileira: p\u00fablica, inclusiva e cidad\u00e3.  Criada em 2007 para fortalecer o sistema p\u00fablico de comunica\u00e7\u00e3o, \u00e9 gestora dos canais TV Brasil, TV Brasil Internacional, Ag\u00eancia Brasil, Radioag\u00eancia Nacional e do sistema p\u00fablico de R\u00e1dio \u2013 composto por oito emissoras. Estes, por sua independ\u00eancia editorial, distinguem-se dos canais estatais ou governamentais, com conte\u00fados diferenciados e complementares aos canais privados. Os ve\u00edculos da EBC t\u00eam autonomia para definir produ\u00e7\u00e3o, programa\u00e7\u00e3o e distribui\u00e7\u00e3o de conte\u00fados.<\/p>\n","protected":false},"excerpt":{"rendered":"<p>As sa\u00eddas de d\u00f3lares do pa\u00eds superaram as entradas em US$ 5,539 bilh\u00f5es em setembro, segundo dados do Banco Central (BC). No mesmo m\u00eas do ano passado, o saldo negativo ficou em US$ 111 milh\u00f5es. De janeiro a setembro, o pa\u00eds acumula saldo negativo de US$ 15,760 bilh\u00f5es, contra o resultado positivo de US$ 11,165 [&hellip;]<\/p>\n","protected":false},"author":2,"featured_media":57585,"comment_status":"open","ping_status":"closed","sticky":false,"template":"","format":"standard","meta":{"_genesis_hide_title":false,"_genesis_hide_breadcrumbs":false,"_genesis_hide_singular_image":false,"_genesis_hide_footer_widgets":false,"_genesis_custom_body_class":"","_genesis_custom_post_class":"","_genesis_layout":"","_jetpack_memberships_contains_paid_content":false,"footnotes":""},"categories":[22,7],"tags":[],"class_list":{"0":"post-96813","1":"post","2":"type-post","3":"status-publish","4":"format-standard","5":"has-post-thumbnail","7":"category-brasil","8":"category-economia","9":"entry","10":"gs-1","11":"gs-odd","12":"gs-even","13":"gs-featured-content-entry"},"jetpack_featured_media_url":"https:\/\/www.redenoticia.com.br\/noticia\/imagens\/analise-economia.jpg","jetpack_sharing_enabled":true,"jetpack_likes_enabled":true,"_links":{"self":[{"href":"https:\/\/www.redenoticia.com.br\/noticia\/wp-json\/wp\/v2\/posts\/96813","targetHints":{"allow":["GET"]}}],"collection":[{"href":"https:\/\/www.redenoticia.com.br\/noticia\/wp-json\/wp\/v2\/posts"}],"about":[{"href":"https:\/\/www.redenoticia.com.br\/noticia\/wp-json\/wp\/v2\/types\/post"}],"author":[{"embeddable":true,"href":"https:\/\/www.redenoticia.com.br\/noticia\/wp-json\/wp\/v2\/users\/2"}],"replies":[{"embeddable":true,"href":"https:\/\/www.redenoticia.com.br\/noticia\/wp-json\/wp\/v2\/comments?post=96813"}],"version-history":[{"count":0,"href":"https:\/\/www.redenoticia.com.br\/noticia\/wp-json\/wp\/v2\/posts\/96813\/revisions"}],"wp:featuredmedia":[{"embeddable":true,"href":"https:\/\/www.redenoticia.com.br\/noticia\/wp-json\/wp\/v2\/media\/57585"}],"wp:attachment":[{"href":"https:\/\/www.redenoticia.com.br\/noticia\/wp-json\/wp\/v2\/media?parent=96813"}],"wp:term":[{"taxonomy":"category","embeddable":true,"href":"https:\/\/www.redenoticia.com.br\/noticia\/wp-json\/wp\/v2\/categories?post=96813"},{"taxonomy":"post_tag","embeddable":true,"href":"https:\/\/www.redenoticia.com.br\/noticia\/wp-json\/wp\/v2\/tags?post=96813"}],"curies":[{"name":"wp","href":"https:\/\/api.w.org\/{rel}","templated":true}]}}