{"id":96811,"date":"2016-10-06T06:06:54","date_gmt":"2016-10-06T09:06:54","guid":{"rendered":"http:\/\/www.redenoticia.com.br\/noticia\/?p=96811"},"modified":"2016-10-05T22:48:19","modified_gmt":"2016-10-06T01:48:19","slug":"indicador-de-investimentos-na-economia-cai-28-anuncia-o-ipea","status":"publish","type":"post","link":"https:\/\/www.redenoticia.com.br\/noticia\/2016\/indicador-de-investimentos-na-economia-cai-28-anuncia-o-ipea\/96811","title":{"rendered":"Indicador de Investimentos na economia cai 2,8%, anuncia o Ipea"},"content":{"rendered":"<p> Os investimentos na economia brasileira &#8211; medidos pela <strong><em>Forma\u00e7\u00e3o Bruta de Capital Fixo<\/em><\/strong> (FBPC) &#8211; ca\u00edram pelo segundo m\u00eas consecutivo, fechando agosto em menos 2,8%, na compara\u00e7\u00e3o com julho, na s\u00e9rie livre de influ\u00eancias sazonais. A constata\u00e7\u00e3o \u00e9 do Indicador Ipea (Instituto de Pesquisa Econ\u00f4mica Aplicada) de Forma\u00e7\u00e3o Bruta de Capital Fixo. Para o Ipea, a segunda queda consecutiva dos investimentos se deu ap\u00f3s crescimento expressivo verificado em junho, quando o indicador cresceu \u201cexpressivos\u201d 8,2%.<\/p>\n<p>O indicador mede o quanto as empresas aumentaram os seus bens de capital (basicamente m\u00e1quinas, equipamentos e material de constru\u00e7\u00e3o) utilizados para a produ\u00e7\u00e3o de outros bens.<\/p>\n<p>Ao analisar para a Ag\u00eancia Brasil as duas quedas consecutivas no indicador, o coordenador do Grupo de Conjuntura do Ipea, Jos\u00e9 Ronaldo Castro Junior, considerou normal a queda, principalmente, levando em conta a expans\u00e3o expressiva de 8,2% em junho.<\/p>\n<p>\u201cO Investidor em forma\u00e7\u00e3o bruta de capital fixo \u00e9 muito vol\u00e1til e \u00e9 normal no mundo todo este sobe e desce que est\u00e1 diretamente ligado \u00e0 confian\u00e7a na economia. H\u00e1 a\u00ed todo um clima de expectativa em torno das medidas que ser\u00e3o tomadas e temos sempre que lembrar que os indicadores ainda apontam para uma retra\u00e7\u00e3o da economia, portanto, para uma queda do PIB [Produto Interno Bruno \u2013 a soma de todas as riquezas produzidas no pa\u00eds] no fechamento do ano\u201d.<\/p>\n<p>Para o economista do Ipea, o pa\u00eds sofreu e ainda vem sofrendo muito com a crise econ\u00f4mica e as proje\u00e7\u00f5es que indicam a continuidade da queda do PIB [para o fechamento do ano], \u201ce como as proje\u00e7\u00f5es ainda s\u00e3o de continuidade da queda do PIB para os pr\u00f3ximos meses, a recupera\u00e7\u00e3o [da economia] \u00e9 lenta e gradual\u201d.<\/p>\n<p>Trimestre de queda<\/p>\n<p>Mesmo com o crescimento expressivo de junho (8,2%), o Indicador de Forma\u00e7\u00e3o Bruta de Capital Fixo do Ipea ainda apresenta n\u00fameros negativos neste \u00faltimo trimestre encerrado em agosto, com a retra\u00e7\u00e3o dos investimentos chegando a 0,4% na compara\u00e7\u00e3o com a m\u00e9dia do trimestre anterior (mar\u00e7o, abril e maio).<\/p>\n<p>Para o Ipea, a queda do indicador em agosto foi resultado do mau desempenho de dois componentes desse \u00edndice. O que pode ser constatado pelo fato de que, embora a produ\u00e7\u00e3o dom\u00e9stica de bens de capital, medida na Pesquisa Industrial Mensal (PIM-PF), do IBGE, tenha avan\u00e7ado 0,4% em agosto, o consumo aparente de m\u00e1quinas e equipamentos (Came) apresentou recuo de 2,5%.<\/p>\n<p>\u201cO consumo aparente de maquinas e equipamentos corresponde \u00e0 produ\u00e7\u00e3o industrial dom\u00e9stica acrescida das importa\u00e7\u00f5es e diminu\u00edda das exporta\u00e7\u00f5es; pelo lado do com\u00e9rcio exterior, as exporta\u00e7\u00f5es ca\u00edram 0,7%, mas foi o volume de importa\u00e7\u00f5es de bens de capital que foi o grande destaque negativo do resultado de agosto, ao registrar forte queda de 14,6%\u201d.<\/p>\n<p>Os dados do Ipea indicam, ainda, que o indicador da constru\u00e7\u00e3o civil caiu 3,8% em agosto, frente ao m\u00eas anterior, o que acontece pelo terceiro m\u00eas consecutivo, ainda na compara\u00e7\u00e3o com ajuste sazonal. No ano, essa atividade chega a acumular perda de 5,1%.<\/p>\n<p>Crescimento ainda \u00e9 pequeno<\/p>\n<p>Na avalia\u00e7\u00e3o do economista do Ipea, embora a tend\u00eancia para este ano seja de que o Indicador de Forma\u00e7\u00e3o Bruta de Capital Fixo feche positivo (e o acumulado at\u00e9 agosto \u00e9 de mais 1,4%), o crescimento ainda \u00e9 pequeno e os investimentos est\u00e3o em um volume muito baixo, at\u00e9 porque a base de compara\u00e7\u00e3o \u00e9 muito baixa.<\/p>\n<p>\u201cNo acumulado do ano passado os investimentos fecharam em queda de 14% frente aos 12 meses imediatamente anteriores, ent\u00e3o, os investimentos ainda est\u00e3o em um n\u00edvel muito baixo, uma vez que a queda foi muito grande\u201d, disse.<\/p>\n<p>\u201cO problema \u00e9 que o mercado est\u00e1 aguardando maior clareza quanto aos rumos que ser\u00e3o tomados pelo governo. Quando houver uma sinaliza\u00e7\u00e3o maior, mais clara, indicando no sentido do ajuste fiscal e do equil\u00edbrio das contas p\u00fablicas, os investimentos voltar\u00e3o\u201d, acredita.<\/p>\n<p>Castro Junior lembra que h\u00e1 investimentos represados na expectativa dos rumos que o governo vai tomar, principalmente em infraestrutura. \u201cH\u00e1 investidores externos querendo botar dinheiro no Brasil, mas eles querem uma sinaliza\u00e7\u00e3o mais clara do governo de que o ajuste fiscal veio para ficar\u201d, disse.<\/p>\n<p>Nielmar de Oliveira &#8211; Rep\u00f3rter da Ag\u00eancia Brasil<br \/>\nEdi\u00e7\u00e3o: Kleber Sampaio<br \/>\n06\/10\/2016<\/p>\n","protected":false},"excerpt":{"rendered":"<p>Os investimentos na economia brasileira &#8211; medidos pela Forma\u00e7\u00e3o Bruta de Capital Fixo (FBPC) &#8211; ca\u00edram pelo segundo m\u00eas consecutivo, fechando agosto em menos 2,8%, na compara\u00e7\u00e3o com julho, na s\u00e9rie livre de influ\u00eancias sazonais. A constata\u00e7\u00e3o \u00e9 do Indicador Ipea (Instituto de Pesquisa Econ\u00f4mica Aplicada) de Forma\u00e7\u00e3o Bruta de Capital Fixo. Para o Ipea, [&hellip;]<\/p>\n","protected":false},"author":2,"featured_media":38938,"comment_status":"open","ping_status":"closed","sticky":false,"template":"","format":"standard","meta":{"_genesis_hide_title":false,"_genesis_hide_breadcrumbs":false,"_genesis_hide_singular_image":false,"_genesis_hide_footer_widgets":false,"_genesis_custom_body_class":"","_genesis_custom_post_class":"","_genesis_layout":"","_jetpack_memberships_contains_paid_content":false,"footnotes":""},"categories":[22,7],"tags":[],"class_list":{"0":"post-96811","1":"post","2":"type-post","3":"status-publish","4":"format-standard","5":"has-post-thumbnail","7":"category-brasil","8":"category-economia","9":"entry","10":"gs-1","11":"gs-odd","12":"gs-even","13":"gs-featured-content-entry"},"jetpack_featured_media_url":"https:\/\/www.redenoticia.com.br\/noticia\/imagens\/economia1.jpg","jetpack_sharing_enabled":true,"jetpack_likes_enabled":true,"_links":{"self":[{"href":"https:\/\/www.redenoticia.com.br\/noticia\/wp-json\/wp\/v2\/posts\/96811","targetHints":{"allow":["GET"]}}],"collection":[{"href":"https:\/\/www.redenoticia.com.br\/noticia\/wp-json\/wp\/v2\/posts"}],"about":[{"href":"https:\/\/www.redenoticia.com.br\/noticia\/wp-json\/wp\/v2\/types\/post"}],"author":[{"embeddable":true,"href":"https:\/\/www.redenoticia.com.br\/noticia\/wp-json\/wp\/v2\/users\/2"}],"replies":[{"embeddable":true,"href":"https:\/\/www.redenoticia.com.br\/noticia\/wp-json\/wp\/v2\/comments?post=96811"}],"version-history":[{"count":0,"href":"https:\/\/www.redenoticia.com.br\/noticia\/wp-json\/wp\/v2\/posts\/96811\/revisions"}],"wp:featuredmedia":[{"embeddable":true,"href":"https:\/\/www.redenoticia.com.br\/noticia\/wp-json\/wp\/v2\/media\/38938"}],"wp:attachment":[{"href":"https:\/\/www.redenoticia.com.br\/noticia\/wp-json\/wp\/v2\/media?parent=96811"}],"wp:term":[{"taxonomy":"category","embeddable":true,"href":"https:\/\/www.redenoticia.com.br\/noticia\/wp-json\/wp\/v2\/categories?post=96811"},{"taxonomy":"post_tag","embeddable":true,"href":"https:\/\/www.redenoticia.com.br\/noticia\/wp-json\/wp\/v2\/tags?post=96811"}],"curies":[{"name":"wp","href":"https:\/\/api.w.org\/{rel}","templated":true}]}}