{"id":9675,"date":"2009-08-25T21:46:48","date_gmt":"2009-08-26T01:46:48","guid":{"rendered":"http:\/\/www.redenoticia.com.br\/noticia\/?p=9675"},"modified":"2009-08-25T22:02:26","modified_gmt":"2009-08-26T02:02:26","slug":"meteorologia-da-climatempo-preve-chuva-nesta-quarta-feira-em-minas-gerais","status":"publish","type":"post","link":"https:\/\/www.redenoticia.com.br\/noticia\/2009\/meteorologia-da-climatempo-preve-chuva-nesta-quarta-feira-em-minas-gerais\/9675","title":{"rendered":"Meteorologia da Climatempo prev\u00ea chuva nesta quarta-feira em Minas Gerais"},"content":{"rendered":"<p><a href=\"https:\/\/www.redenoticia.com.br\/noticia\/imagens\/\/satelite.jpg\"><img loading=\"lazy\" decoding=\"async\" class=\"alignleft size-full wp-image-6819\" title=\"satelite\" src=\"https:\/\/www.redenoticia.com.br\/noticia\/imagens\/\/satelite.jpg\" alt=\"satelite\" width=\"150\" height=\"113\" \/><\/a>Climatempo &#8211;\u00a0H\u00e1 quase dois meses, os mineiros conviviam com o sol, a seca e temperaturas acima do normal. Mas nesta \u00faltima segunda-feira, o tempo mudou completamente. A chuva come\u00e7ou na madrugada e veio com for\u00e7a, com trovoadas e raios. Segundo o Instituto Nacional de Meteorologia choveu 19,1 mil\u00edmetros no centro da cidade. Se fosse ver\u00e3o seria uma chuvinha, mas para agosto, esta quantidade de chuva representou at\u00e9 mais do que normalmente chove durante todo o m\u00eas. A m\u00e9dia de chuva em Belo Horizonte \u00e9 de apenas 14 mil\u00edmetros. Agosto \u00e9 m\u00eas de seca em todo o Estado de Minas Gerais e a chuva, quando cai, \u00e9 r\u00e1pida. \u00c0s vezes nem d\u00e1 para molhar o ch\u00e3o.<\/p>\n<p>Al\u00e9m da Grande Belo Horizonte, a chuva caiu com mais for\u00e7a do que o normal em v\u00e1rias localidades mineiras. No Tri\u00e2ngulo, a regi\u00e3o de Bambu\u00ed acumulou 39 mil\u00edmetros, mais do que o dobro do normal para o m\u00eas. A m\u00e9dia de chuva \u00e9 de 17 mil\u00edmetros. Em Paracatu, o Instituto Nacional de Meteorologia registrou quase 34 mil\u00edmetros. Parece chuva de primavera de t\u00e3o volumosa. A m\u00e9dia em Paracatu para este m\u00eas \u00e9 de 16 mil\u00edmetros. No sul de Minas, a quantidade chuva acumulada de domingo para segunda-feira tamb\u00e9m foi muito alta para os padr\u00f5es de agosto.<\/p>\n<p>Em Machado choveu 36 mil\u00edmetros, valor que supera a m\u00e9dia que \u00e9 de aproximadamente 31 mil\u00edmetros. O total acumulado em agosto j\u00e1 passa dos 60 mil\u00edmetros. S\u00e3o Louren\u00e7o acumulou 28 mil\u00edmetros de domingo para a segunda-feira, mas o total acumulado no m\u00eas chega a quase 76 mil\u00edmetros. A m\u00e9dia para agosto \u00e9 de 32 mil\u00edmetros. Em Lavras choveu quase 22 mil\u00edmetros.<br \/>\nDe todas as regi\u00f5es mineiras, s\u00f3 o sul do Estado vem tendo per\u00edodos com mais chuva do que o normal desde maio, o que causou transtornos e atrasos na colheita do caf\u00e9. O Sul de Minas Gerais \u00e9 o maior produtor de caf\u00e9 ar\u00e1bica do Brasil. Chuva no inverno significa mais gastos na colheita, que j\u00e1 \u00e9 normalmente a fase com maior custo na produ\u00e7\u00e3o do caf\u00e9.<\/p>\n<p>Minas Gerais, junto com Goi\u00e1s, Mato Grosso, Distrito Federal, Rio de Janeiro e Esp\u00edrito Santo ter\u00e3o mais alguns dias de muita umidade neste agosto que j\u00e1 n\u00e3o pode ser mais chamado de seco. Agosto de 2009 ser\u00e1 lembrado por sua chuva.<\/p>\n<p>Sobre o Grupo Climatempo<\/p>\n<p>O Grupo Climatempo \u00e9 a maior empresa privada de meteorologia do pa\u00eds. Uma holding formada pela Climatempo Consultoria, Ag\u00eancia Climatempo, a TV Climatempo e a CLIMANET (Internet, servi\u00e7os de tecnologia e inform\u00e1tica). Atualmente, o Grupo Climatempo fornece conte\u00fado para os principais portais do pa\u00eds, mais de 50 retransmissoras de televis\u00e3o do Brasil, r\u00e1dios e tem cerca de mil clientes. Os dois principais segmentos atendidos s\u00e3o o de agroneg\u00f3cios e meios de comunica\u00e7\u00e3o. Al\u00e9m destes, fornece conte\u00fado meteorol\u00f3gico estrat\u00e9gico para produtoras, a ind\u00fastria eletroeletr\u00f4nica e t\u00eaxtil, com\u00e9rcio, moda e turismo, constru\u00e7\u00e3o civil, setor de energia, entre outros setores.<\/p>\n<p>O Grupo \u00e9 presidido pelo meteorologista Carlos Magno, um dos primeiros comunicadores da profiss\u00e3o no Pa\u00eds, com mais de 23 anos de carreira, que ajudou a mudar a cultura que o brasileiro tinha sobre a meteorologia. O Grupo Climatempo conta ainda com Ana L\u00facia Frony vice-presidente, Renato Urbinder, s\u00f3cio-diretor (Diretor de Neg\u00f3cios e Projetos Especiais), e os diretores executivos Gilca Palma (Climatempo Meteorologia), Andr\u00e9 Madeira (Ag\u00eancia Climatempo) e o jornalista Paulo Polli (TV Climatempo) no Conselho Consultivo.<\/p>\n","protected":false},"excerpt":{"rendered":"<p>Climatempo &#8211;\u00a0H\u00e1 quase dois meses, os mineiros conviviam com o sol, a seca e temperaturas acima do normal. Mas nesta \u00faltima segunda-feira, o tempo mudou completamente. A chuva come\u00e7ou na madrugada e veio com for\u00e7a, com trovoadas e raios. Segundo o Instituto Nacional de Meteorologia choveu 19,1 mil\u00edmetros no centro da cidade. Se fosse ver\u00e3o [&hellip;]<\/p>\n","protected":false},"author":3,"featured_media":0,"comment_status":"open","ping_status":"open","sticky":false,"template":"","format":"standard","meta":{"_genesis_hide_title":false,"_genesis_hide_breadcrumbs":false,"_genesis_hide_singular_image":false,"_genesis_hide_footer_widgets":false,"_genesis_custom_body_class":"","_genesis_custom_post_class":"","_genesis_layout":"","_jetpack_memberships_contains_paid_content":false,"footnotes":""},"categories":[22,327],"tags":[],"class_list":{"0":"post-9675","1":"post","2":"type-post","3":"status-publish","4":"format-standard","6":"category-brasil","7":"category-clima","8":"entry","9":"gs-1","10":"gs-odd","11":"gs-even","12":"gs-featured-content-entry"},"jetpack_featured_media_url":"","jetpack_sharing_enabled":true,"jetpack_likes_enabled":true,"_links":{"self":[{"href":"https:\/\/www.redenoticia.com.br\/noticia\/wp-json\/wp\/v2\/posts\/9675","targetHints":{"allow":["GET"]}}],"collection":[{"href":"https:\/\/www.redenoticia.com.br\/noticia\/wp-json\/wp\/v2\/posts"}],"about":[{"href":"https:\/\/www.redenoticia.com.br\/noticia\/wp-json\/wp\/v2\/types\/post"}],"author":[{"embeddable":true,"href":"https:\/\/www.redenoticia.com.br\/noticia\/wp-json\/wp\/v2\/users\/3"}],"replies":[{"embeddable":true,"href":"https:\/\/www.redenoticia.com.br\/noticia\/wp-json\/wp\/v2\/comments?post=9675"}],"version-history":[{"count":0,"href":"https:\/\/www.redenoticia.com.br\/noticia\/wp-json\/wp\/v2\/posts\/9675\/revisions"}],"wp:attachment":[{"href":"https:\/\/www.redenoticia.com.br\/noticia\/wp-json\/wp\/v2\/media?parent=9675"}],"wp:term":[{"taxonomy":"category","embeddable":true,"href":"https:\/\/www.redenoticia.com.br\/noticia\/wp-json\/wp\/v2\/categories?post=9675"},{"taxonomy":"post_tag","embeddable":true,"href":"https:\/\/www.redenoticia.com.br\/noticia\/wp-json\/wp\/v2\/tags?post=9675"}],"curies":[{"name":"wp","href":"https:\/\/api.w.org\/{rel}","templated":true}]}}