{"id":96704,"date":"2016-10-05T06:31:35","date_gmt":"2016-10-05T09:31:35","guid":{"rendered":"http:\/\/www.redenoticia.com.br\/noticia\/?p=96704"},"modified":"2016-10-05T16:43:32","modified_gmt":"2016-10-05T19:43:32","slug":"industria-tem-queda-de-38-entre-julho-e-agosto-a-maior-desde-janeiro-de-2012","status":"publish","type":"post","link":"https:\/\/www.redenoticia.com.br\/noticia\/2016\/industria-tem-queda-de-38-entre-julho-e-agosto-a-maior-desde-janeiro-de-2012\/96704","title":{"rendered":"Ind\u00fastria tem queda de 3,8% entre julho e agosto, a maior desde janeiro de 2012"},"content":{"rendered":"<p> A <strong><em>produ\u00e7\u00e3o industrial<\/em><\/strong> caiu 3,8% na passagem de julho para agosto deste ano, segundo dados da Pesquisa Industrial Mensal divulgados pelo Instituto Brasileiro de Geografia e Estat\u00edstica (IBGE). Essa foi a primeira queda do indicador, depois de cinco meses de alta neste tipo de compara\u00e7\u00e3o. Foi tamb\u00e9m a queda mais intensa desde janeiro de 2012 (-4,9%).<\/p>\n<p>A ind\u00fastria tamb\u00e9m apresentou resultados negativos na m\u00e9dia m\u00f3vel trimestral (-0,7%), na compara\u00e7\u00e3o com agosto de 2015 (-5,2%), no acumulado do ano (-8,2%) e no acumulado de 12 meses (-9,3%).<\/p>\n<p>Na compara\u00e7\u00e3o de agosto deste ano com o m\u00eas anterior, houve quedas em tr\u00eas das quatro grandes categorias econ\u00f4micas: bens intermedi\u00e1rios, isto \u00e9, insumos industrializados usados no setor produtivo (-4,3%), bens de consumo dur\u00e1veis (-9,3%) e bens de consumo semi e n\u00e3o dur\u00e1veis (-0,9%). Os bens de capital, isto \u00e9, as m\u00e1quinas e equipamentos, tiveram crescimento de 0,4%.<\/p>\n<p>Das 24 atividades industriais pesquisadas, apenas duas tiveram crescimento neste tipo de compara\u00e7\u00e3o: produtos farmacoqu\u00edmicos e farmac\u00eauticos (8,3%) e produtos de metal (1%). O setor de couro, artigos de viagem e cal\u00e7ados manteve-se est\u00e1vel.<\/p>\n<p>Vinte e uma atividades da ind\u00fastria acusaram queda. As mais impactantes foram produtos aliment\u00edcios (-8%), ve\u00edculos automotores (-10,4%), ind\u00fastrias extrativas (-1,8%) e produtos derivados do petr\u00f3leo e biocombust\u00edveis (-1,9%).<\/p>\n<p>Vitor Abdala \u2013 Rep\u00f3rter da Ag\u00eancia Brasil<br \/>\nEdi\u00e7\u00e3o: Kleber Sampaio<br \/>\n05\/10\/2016<\/p>\n","protected":false},"excerpt":{"rendered":"<p>A produ\u00e7\u00e3o industrial caiu 3,8% na passagem de julho para agosto deste ano, segundo dados da Pesquisa Industrial Mensal divulgados pelo Instituto Brasileiro de Geografia e Estat\u00edstica (IBGE). Essa foi a primeira queda do indicador, depois de cinco meses de alta neste tipo de compara\u00e7\u00e3o. Foi tamb\u00e9m a queda mais intensa desde janeiro de 2012 [&hellip;]<\/p>\n","protected":false},"author":2,"featured_media":57583,"comment_status":"open","ping_status":"closed","sticky":false,"template":"","format":"standard","meta":{"_genesis_hide_title":false,"_genesis_hide_breadcrumbs":false,"_genesis_hide_singular_image":false,"_genesis_hide_footer_widgets":false,"_genesis_custom_body_class":"","_genesis_custom_post_class":"","_genesis_layout":"","_jetpack_memberships_contains_paid_content":false,"footnotes":""},"categories":[22,7],"tags":[],"class_list":{"0":"post-96704","1":"post","2":"type-post","3":"status-publish","4":"format-standard","5":"has-post-thumbnail","7":"category-brasil","8":"category-economia","9":"entry","10":"gs-1","11":"gs-odd","12":"gs-even","13":"gs-featured-content-entry"},"jetpack_featured_media_url":"https:\/\/www.redenoticia.com.br\/noticia\/imagens\/economia-grafico.jpg","jetpack_sharing_enabled":true,"jetpack_likes_enabled":true,"_links":{"self":[{"href":"https:\/\/www.redenoticia.com.br\/noticia\/wp-json\/wp\/v2\/posts\/96704","targetHints":{"allow":["GET"]}}],"collection":[{"href":"https:\/\/www.redenoticia.com.br\/noticia\/wp-json\/wp\/v2\/posts"}],"about":[{"href":"https:\/\/www.redenoticia.com.br\/noticia\/wp-json\/wp\/v2\/types\/post"}],"author":[{"embeddable":true,"href":"https:\/\/www.redenoticia.com.br\/noticia\/wp-json\/wp\/v2\/users\/2"}],"replies":[{"embeddable":true,"href":"https:\/\/www.redenoticia.com.br\/noticia\/wp-json\/wp\/v2\/comments?post=96704"}],"version-history":[{"count":0,"href":"https:\/\/www.redenoticia.com.br\/noticia\/wp-json\/wp\/v2\/posts\/96704\/revisions"}],"wp:featuredmedia":[{"embeddable":true,"href":"https:\/\/www.redenoticia.com.br\/noticia\/wp-json\/wp\/v2\/media\/57583"}],"wp:attachment":[{"href":"https:\/\/www.redenoticia.com.br\/noticia\/wp-json\/wp\/v2\/media?parent=96704"}],"wp:term":[{"taxonomy":"category","embeddable":true,"href":"https:\/\/www.redenoticia.com.br\/noticia\/wp-json\/wp\/v2\/categories?post=96704"},{"taxonomy":"post_tag","embeddable":true,"href":"https:\/\/www.redenoticia.com.br\/noticia\/wp-json\/wp\/v2\/tags?post=96704"}],"curies":[{"name":"wp","href":"https:\/\/api.w.org\/{rel}","templated":true}]}}