{"id":96702,"date":"2016-10-05T06:30:43","date_gmt":"2016-10-05T09:30:43","guid":{"rendered":"http:\/\/www.redenoticia.com.br\/noticia\/?p=96702"},"modified":"2016-10-04T15:31:32","modified_gmt":"2016-10-04T18:31:32","slug":"fipe-diz-que-sao-paulo-tem-deflacao-de-014","status":"publish","type":"post","link":"https:\/\/www.redenoticia.com.br\/noticia\/2016\/fipe-diz-que-sao-paulo-tem-deflacao-de-014\/96702","title":{"rendered":"Fipe diz que S\u00e3o Paulo tem defla\u00e7\u00e3o de 0,14%"},"content":{"rendered":"<p> O <strong><em>\u00cdndice de Pre\u00e7os ao Consumidor<\/em><\/strong> (IPC) medido pela Funda\u00e7\u00e3o Instituto de Pesquisas Econ\u00f4micas (Fipe), na cidade de S\u00e3o Paulo, encerrou setembro em baixa de 0,14% ante uma alta de 0,11% em agosto \u00faltimo. No acumulado de janeiro a setembro, a taxa teve varia\u00e7\u00e3o de 5,33% e, nos \u00faltimos 12 meses, de 8,26%.<\/p>\n<p>Dos sete grupos pesquisados, o de alimenta\u00e7\u00e3o foi o que mais contribuiu para esse resultado ao apresentar recuo de 1,09%. Em agosto, nesta classe de despesa houve alta de 0,74%, mas em ritmo de desacelera\u00e7\u00e3o comparado a julho. Tamb\u00e9m foi constatada diminui\u00e7\u00e3o em despesas pessoais (-0,34%). Neste grupo em agosto, o \u00edndice tinha sido de 0,05%.<\/p>\n<p>Al\u00e9m disso, o aumento de pre\u00e7os no grupo sa\u00fade perdeu for\u00e7a ao passar de uma alta de 1,41% (em agosto) para 0,56. J\u00e1 nos demais grupos houve avan\u00e7os com destaque para vestu\u00e1rio (de 0,21% para 0,84%), seguido de transportes (de -0,02% para 0,24%); habita\u00e7\u00e3o (de -0,57% para 0,16%) e educa\u00e7\u00e3o (de -0,05% para 0,01%).<\/p>\n<p>Marli Moreira &#8211; Rep\u00f3rter da Ag\u00eancia Brasil<br \/>\nEdi\u00e7\u00e3o: Kleber Sampaio<br \/>\n05\/10\/2016<\/p>\n","protected":false},"excerpt":{"rendered":"<p>O \u00cdndice de Pre\u00e7os ao Consumidor (IPC) medido pela Funda\u00e7\u00e3o Instituto de Pesquisas Econ\u00f4micas (Fipe), na cidade de S\u00e3o Paulo, encerrou setembro em baixa de 0,14% ante uma alta de 0,11% em agosto \u00faltimo. No acumulado de janeiro a setembro, a taxa teve varia\u00e7\u00e3o de 5,33% e, nos \u00faltimos 12 meses, de 8,26%. Dos sete [&hellip;]<\/p>\n","protected":false},"author":2,"featured_media":57584,"comment_status":"open","ping_status":"closed","sticky":false,"template":"","format":"standard","meta":{"_genesis_hide_title":false,"_genesis_hide_breadcrumbs":false,"_genesis_hide_singular_image":false,"_genesis_hide_footer_widgets":false,"_genesis_custom_body_class":"","_genesis_custom_post_class":"","_genesis_layout":"","_jetpack_memberships_contains_paid_content":false,"footnotes":""},"categories":[22,7],"tags":[],"class_list":{"0":"post-96702","1":"post","2":"type-post","3":"status-publish","4":"format-standard","5":"has-post-thumbnail","7":"category-brasil","8":"category-economia","9":"entry","10":"gs-1","11":"gs-odd","12":"gs-even","13":"gs-featured-content-entry"},"jetpack_featured_media_url":"https:\/\/www.redenoticia.com.br\/noticia\/imagens\/economia-grafica-analise-inflacao.jpg","jetpack_sharing_enabled":true,"jetpack_likes_enabled":true,"_links":{"self":[{"href":"https:\/\/www.redenoticia.com.br\/noticia\/wp-json\/wp\/v2\/posts\/96702","targetHints":{"allow":["GET"]}}],"collection":[{"href":"https:\/\/www.redenoticia.com.br\/noticia\/wp-json\/wp\/v2\/posts"}],"about":[{"href":"https:\/\/www.redenoticia.com.br\/noticia\/wp-json\/wp\/v2\/types\/post"}],"author":[{"embeddable":true,"href":"https:\/\/www.redenoticia.com.br\/noticia\/wp-json\/wp\/v2\/users\/2"}],"replies":[{"embeddable":true,"href":"https:\/\/www.redenoticia.com.br\/noticia\/wp-json\/wp\/v2\/comments?post=96702"}],"version-history":[{"count":0,"href":"https:\/\/www.redenoticia.com.br\/noticia\/wp-json\/wp\/v2\/posts\/96702\/revisions"}],"wp:featuredmedia":[{"embeddable":true,"href":"https:\/\/www.redenoticia.com.br\/noticia\/wp-json\/wp\/v2\/media\/57584"}],"wp:attachment":[{"href":"https:\/\/www.redenoticia.com.br\/noticia\/wp-json\/wp\/v2\/media?parent=96702"}],"wp:term":[{"taxonomy":"category","embeddable":true,"href":"https:\/\/www.redenoticia.com.br\/noticia\/wp-json\/wp\/v2\/categories?post=96702"},{"taxonomy":"post_tag","embeddable":true,"href":"https:\/\/www.redenoticia.com.br\/noticia\/wp-json\/wp\/v2\/tags?post=96702"}],"curies":[{"name":"wp","href":"https:\/\/api.w.org\/{rel}","templated":true}]}}