{"id":96698,"date":"2016-10-05T06:28:15","date_gmt":"2016-10-05T09:28:15","guid":{"rendered":"http:\/\/www.redenoticia.com.br\/noticia\/?p=96698"},"modified":"2016-10-04T15:29:32","modified_gmt":"2016-10-04T18:29:32","slug":"setembro-tem-recuperacao-de-precos-e-queda-menor-de-importacoes","status":"publish","type":"post","link":"https:\/\/www.redenoticia.com.br\/noticia\/2016\/setembro-tem-recuperacao-de-precos-e-queda-menor-de-importacoes\/96698","title":{"rendered":"Setembro tem recupera\u00e7\u00e3o de pre\u00e7os e queda menor de importa\u00e7\u00f5es"},"content":{"rendered":"<p> O m\u00eas de setembro foi marcado pela <strong><em>recupera\u00e7\u00e3o nos pre\u00e7os dos bens exportados<\/em><\/strong> e continuidade da queda das importa\u00e7\u00f5es em um ritmo menor do que o que vinha sendo verificado at\u00e9 junho. Este \u00faltimo fator \u00e9 considerado pelo governo um poss\u00edvel indicativo de recupera\u00e7\u00e3o da atividade econ\u00f4mica, j\u00e1 que est\u00e1 associado \u00e0 compra de insumos para produ\u00e7\u00e3o industrial.<\/p>\n<p>No m\u00eas passado aumentaram os pre\u00e7os do a\u00e7\u00facar bruto, dos semimanufaturados de ferro e a\u00e7o, do min\u00e9rio de ferro, da soja em gr\u00e3o, do caf\u00e9 em gr\u00e3o e do farelo de soja. A maior parte desses produtos teve redu\u00e7\u00e3o da quantidade embarcada e do valor vendido, por quest\u00f5es de mercado ou sazonais. A exce\u00e7\u00e3o foi o a\u00e7\u00facar, com crescimento de 90,9% no quantum negociado e alta de 147% no valor exportado.<\/p>\n<p>A recupera\u00e7\u00e3o nos pre\u00e7os, contudo, ajudou a evitar perdas mais expressivas. Em 2015, a balan\u00e7a foi fortemente impactada pela redu\u00e7\u00e3o nos pre\u00e7os das commodities, que s\u00e3o produtos b\u00e1sicos com cota\u00e7\u00e3o internacional.<\/p>\n<p>&#8220;O que h\u00e1 de novo \u00e9 aumento dos pre\u00e7os. O efeito da queda dos pre\u00e7os vem se dissipando ao longo do ano. \u00c9 um aumento que n\u00e3o ocorria desde novembro de 2014&#8221;, destacou Herlon Brand\u00e3o, diretor do Departamento de Estat\u00edstica e Apoio \u00e0 Exporta\u00e7\u00e3o do Minist\u00e9rio da Ind\u00fastria, Com\u00e9rcio Exterior e Servi\u00e7os.<\/p>\n<p>Outros destaques das exporta\u00e7\u00f5es foram os avi\u00f5es e autom\u00f3veis de passageiros. Os primeiros cresceram 31,3% em valor e 59,3% na quantidade vendida em rela\u00e7\u00e3o a setembro de 2015. No caso dos autom\u00f3veis, o valor vendido foi 41,5% maior e quantidade, 43,4%.<\/p>\n<p>O petr\u00f3leo bruto tamb\u00e9m teve bom desempenho, com alta de 39,8% no valor e de 41,8% na quantidade exportada pelo Brasil. A conta-petr\u00f3leo, tradicionalmente deficit\u00e1ria, teve super\u00e1vit de US$ 340 milh\u00f5es no m\u00eas passado.<\/p>\n<p>&#8220;N\u00e3o \u00e9 novidade. Ocasionalmente, ocorrem super\u00e1vits mensais&#8221;, ressaltou Herlon Brand\u00e3o. No acumulado do ano, o d\u00e9ficit da conta-petr\u00f3leo, de US$ 446 milh\u00f5es, \u00e9 bem menor que o resultado negativo de US$ 3,5 bilh\u00f5es registrado no mesmo per\u00edodo de 2015. Segundo Brand\u00e3o, a queda no d\u00e9ficit \u00e9 associada \u00e0 queda nas exporta\u00e7\u00f5es e a um recuo bem maior nas importa\u00e7\u00f5es.<\/p>\n<p>Importa\u00e7\u00f5es<\/p>\n<p>Do lado das importa\u00e7\u00f5es, o governo avalia que prossegue a tend\u00eancia a uma redu\u00e7\u00e3o menor, o que pode sinalizar futura revers\u00e3o do quadro atual. No m\u00eas passado, pelo crit\u00e9rio da m\u00e9dia di\u00e1ria, as importa\u00e7\u00f5es ca\u00edram 9,2% em rela\u00e7\u00e3o a setembro de 2015. Em agosto, a queda ficou em 8,3%.<\/p>\n<p>&#8220;H\u00e1 uma expectativa. Notamos leve melhora desde junho. Essas taxas t\u00eam se reduzido, e \u00e9 poss\u00edvel que nos pr\u00f3ximos meses haja revers\u00e3o. A tend\u00eancia, pelos sinais, \u00e9 a economia voltar a crescer no futuro e isso come\u00e7a a se refletir nas importa\u00e7\u00f5es&#8221;, afirmou Brand\u00e3o. Ele lembrou que, em janeiro deste ano, por exemplo, a queda das importa\u00e7\u00f5es chegava a 35,8%.<\/p>\n<p>O diretor Departamento de Estat\u00edstica e Apoio \u00e0 Exporta\u00e7\u00e3o disse que o governo continua trabalhando com estimativa de super\u00e1vit comercial entre US$ 45 bilh\u00f5es e US$ 50 bilh\u00f5es para este ano. Brand\u00e3o considera fact\u00edvel a proje\u00e7\u00e3o, j\u00e1 que, tradicionalmente, nos meses de dezembro h\u00e1 tend\u00eancia a um super\u00e1vit maior.<\/p>\n<p>De janeiro a setembro, a balan\u00e7a comercial acumula super\u00e1vit de US$ 36,2 bilh\u00f5es, recorde para o per\u00edodo desde o in\u00edcio da s\u00e9rie hist\u00f3rica, em 1989. O resultado do ano pode bater o atual recorde, que foi um saldo positivo de US$ 46,4 bilh\u00f5es em 2006.<\/p>\n<p>Mariana Branco \u2013 Rep\u00f3rter da Ag\u00eancia Brasil<br \/>\nEdi\u00e7\u00e3o: N\u00e1dia Franco<br \/>\n05\/10\/2016<\/p>\n","protected":false},"excerpt":{"rendered":"<p>O m\u00eas de setembro foi marcado pela recupera\u00e7\u00e3o nos pre\u00e7os dos bens exportados e continuidade da queda das importa\u00e7\u00f5es em um ritmo menor do que o que vinha sendo verificado at\u00e9 junho. Este \u00faltimo fator \u00e9 considerado pelo governo um poss\u00edvel indicativo de recupera\u00e7\u00e3o da atividade econ\u00f4mica, j\u00e1 que est\u00e1 associado \u00e0 compra de insumos [&hellip;]<\/p>\n","protected":false},"author":2,"featured_media":38938,"comment_status":"open","ping_status":"closed","sticky":false,"template":"","format":"standard","meta":{"_genesis_hide_title":false,"_genesis_hide_breadcrumbs":false,"_genesis_hide_singular_image":false,"_genesis_hide_footer_widgets":false,"_genesis_custom_body_class":"","_genesis_custom_post_class":"","_genesis_layout":"","_jetpack_memberships_contains_paid_content":false,"footnotes":""},"categories":[22,7],"tags":[],"class_list":{"0":"post-96698","1":"post","2":"type-post","3":"status-publish","4":"format-standard","5":"has-post-thumbnail","7":"category-brasil","8":"category-economia","9":"entry","10":"gs-1","11":"gs-odd","12":"gs-even","13":"gs-featured-content-entry"},"jetpack_featured_media_url":"https:\/\/www.redenoticia.com.br\/noticia\/imagens\/economia1.jpg","jetpack_sharing_enabled":true,"jetpack_likes_enabled":true,"_links":{"self":[{"href":"https:\/\/www.redenoticia.com.br\/noticia\/wp-json\/wp\/v2\/posts\/96698","targetHints":{"allow":["GET"]}}],"collection":[{"href":"https:\/\/www.redenoticia.com.br\/noticia\/wp-json\/wp\/v2\/posts"}],"about":[{"href":"https:\/\/www.redenoticia.com.br\/noticia\/wp-json\/wp\/v2\/types\/post"}],"author":[{"embeddable":true,"href":"https:\/\/www.redenoticia.com.br\/noticia\/wp-json\/wp\/v2\/users\/2"}],"replies":[{"embeddable":true,"href":"https:\/\/www.redenoticia.com.br\/noticia\/wp-json\/wp\/v2\/comments?post=96698"}],"version-history":[{"count":0,"href":"https:\/\/www.redenoticia.com.br\/noticia\/wp-json\/wp\/v2\/posts\/96698\/revisions"}],"wp:featuredmedia":[{"embeddable":true,"href":"https:\/\/www.redenoticia.com.br\/noticia\/wp-json\/wp\/v2\/media\/38938"}],"wp:attachment":[{"href":"https:\/\/www.redenoticia.com.br\/noticia\/wp-json\/wp\/v2\/media?parent=96698"}],"wp:term":[{"taxonomy":"category","embeddable":true,"href":"https:\/\/www.redenoticia.com.br\/noticia\/wp-json\/wp\/v2\/categories?post=96698"},{"taxonomy":"post_tag","embeddable":true,"href":"https:\/\/www.redenoticia.com.br\/noticia\/wp-json\/wp\/v2\/tags?post=96698"}],"curies":[{"name":"wp","href":"https:\/\/api.w.org\/{rel}","templated":true}]}}