{"id":96696,"date":"2016-10-05T06:24:48","date_gmt":"2016-10-05T09:24:48","guid":{"rendered":"http:\/\/www.redenoticia.com.br\/noticia\/?p=96696"},"modified":"2016-10-04T15:28:12","modified_gmt":"2016-10-04T18:28:12","slug":"projetos-musicais-sao-contemplados-pelo-proac-sp","status":"publish","type":"post","link":"https:\/\/www.redenoticia.com.br\/noticia\/2016\/projetos-musicais-sao-contemplados-pelo-proac-sp\/96696","title":{"rendered":"Projetos musicais s\u00e3o contemplados pelo ProAC SP"},"content":{"rendered":"<p> O ProAc, <strong><em>Programa de A\u00e7\u00e3o Cultural<\/em><\/strong>, mantido pelo governo estadual de SP, selecionou projetos musicais de artistas da capital, Bauru, Campinas, Cotia, Sorocaba, Ribeir\u00e3o Preto e Vale do Para\u00edba e ser\u00e3o executados em 2017. As propostas foram escolhidas no concurso de grava\u00e7\u00e3o de \u00e1lbum in\u00e9dito de can\u00e7\u00e3o com apresenta\u00e7\u00e3o ou circula\u00e7\u00e3o de espet\u00e1culos. <\/p>\n<p>Al\u00e9m deste edital, j\u00e1 foram anunciados os contemplados de 12 dos 44 editais lan\u00e7ados neste ano: teatro (produ\u00e7\u00e3o, circula\u00e7\u00e3o e primeiras obras), dan\u00e7a (produ\u00e7\u00e3o, circula\u00e7\u00e3o e primeiras obras), artes c\u00eanicas(produ\u00e7\u00e3o e circula\u00e7\u00e3o voltado ao p\u00fablico infantojuvenil; e circula\u00e7\u00e3o para a rua), festivais de artes I e II, al\u00e9m de circo (produ\u00e7\u00e3o de n\u00famero circense). Os demais resultados devem ser divulgados at\u00e9 novembro.<\/p>\n<p>Do folk rock, passando pelo pop, m\u00fasica caipira, MPB a m\u00fasica infantil, projetos musicais de diferentes regi\u00f5es do estado foram selecionados neste edital, dividido em dois m\u00f3dulos. No primeiro, foram escolhidos seis projetos que ter\u00e3o foco na circula\u00e7\u00e3o de espet\u00e1culos.<\/p>\n<p>Todos os resultados est\u00e3o publicados no site da Secretaria da Cultura do Estado ().<\/p>\n<p>A\u00e7\u00e3o<br \/>\nO Programa de A\u00e7\u00e3o Cultural (ProAC), na modalidade editais, tem o objetivo de fomentar e difundir a produ\u00e7\u00e3o art\u00edstica em todas as regi\u00f5es do estado, apoiando financeiramente projetos art\u00edsticos.<\/p>\n<p>Do Portal do Governo do Estado SP<\/p>\n","protected":false},"excerpt":{"rendered":"<p>O ProAc, Programa de A\u00e7\u00e3o Cultural, mantido pelo governo estadual de SP, selecionou projetos musicais de artistas da capital, Bauru, Campinas, Cotia, Sorocaba, Ribeir\u00e3o Preto e Vale do Para\u00edba e ser\u00e3o executados em 2017. As propostas foram escolhidas no concurso de grava\u00e7\u00e3o de \u00e1lbum in\u00e9dito de can\u00e7\u00e3o com apresenta\u00e7\u00e3o ou circula\u00e7\u00e3o de espet\u00e1culos. Al\u00e9m deste [&hellip;]<\/p>\n","protected":false},"author":2,"featured_media":21312,"comment_status":"open","ping_status":"closed","sticky":false,"template":"","format":"standard","meta":{"_genesis_hide_title":false,"_genesis_hide_breadcrumbs":false,"_genesis_hide_singular_image":false,"_genesis_hide_footer_widgets":false,"_genesis_custom_body_class":"","_genesis_custom_post_class":"","_genesis_layout":"","_jetpack_memberships_contains_paid_content":false,"footnotes":""},"categories":[22],"tags":[],"class_list":{"0":"post-96696","1":"post","2":"type-post","3":"status-publish","4":"format-standard","5":"has-post-thumbnail","7":"category-brasil","8":"entry","9":"gs-1","10":"gs-odd","11":"gs-even","12":"gs-featured-content-entry"},"jetpack_featured_media_url":"https:\/\/www.redenoticia.com.br\/noticia\/imagens\/musica.jpg","jetpack_sharing_enabled":true,"jetpack_likes_enabled":true,"_links":{"self":[{"href":"https:\/\/www.redenoticia.com.br\/noticia\/wp-json\/wp\/v2\/posts\/96696","targetHints":{"allow":["GET"]}}],"collection":[{"href":"https:\/\/www.redenoticia.com.br\/noticia\/wp-json\/wp\/v2\/posts"}],"about":[{"href":"https:\/\/www.redenoticia.com.br\/noticia\/wp-json\/wp\/v2\/types\/post"}],"author":[{"embeddable":true,"href":"https:\/\/www.redenoticia.com.br\/noticia\/wp-json\/wp\/v2\/users\/2"}],"replies":[{"embeddable":true,"href":"https:\/\/www.redenoticia.com.br\/noticia\/wp-json\/wp\/v2\/comments?post=96696"}],"version-history":[{"count":0,"href":"https:\/\/www.redenoticia.com.br\/noticia\/wp-json\/wp\/v2\/posts\/96696\/revisions"}],"wp:featuredmedia":[{"embeddable":true,"href":"https:\/\/www.redenoticia.com.br\/noticia\/wp-json\/wp\/v2\/media\/21312"}],"wp:attachment":[{"href":"https:\/\/www.redenoticia.com.br\/noticia\/wp-json\/wp\/v2\/media?parent=96696"}],"wp:term":[{"taxonomy":"category","embeddable":true,"href":"https:\/\/www.redenoticia.com.br\/noticia\/wp-json\/wp\/v2\/categories?post=96696"},{"taxonomy":"post_tag","embeddable":true,"href":"https:\/\/www.redenoticia.com.br\/noticia\/wp-json\/wp\/v2\/tags?post=96696"}],"curies":[{"name":"wp","href":"https:\/\/api.w.org\/{rel}","templated":true}]}}