{"id":96639,"date":"2016-10-04T06:11:17","date_gmt":"2016-10-04T09:11:17","guid":{"rendered":"http:\/\/www.redenoticia.com.br\/noticia\/?p=96639"},"modified":"2016-10-03T18:11:55","modified_gmt":"2016-10-03T21:11:55","slug":"balanca-comercial-tem-superavit-recorde-de-us-362-bi-no-acumulado-do-ano","status":"publish","type":"post","link":"https:\/\/www.redenoticia.com.br\/noticia\/2016\/balanca-comercial-tem-superavit-recorde-de-us-362-bi-no-acumulado-do-ano\/96639","title":{"rendered":"Balan\u00e7a comercial tem super\u00e1vit recorde de US$ 36,2 bi no acumulado do ano"},"content":{"rendered":"<p> A <strong><em>balan\u00e7a comercial<\/em><\/strong> brasileira teve super\u00e1vit (exporta\u00e7\u00f5es maiores que importa\u00e7\u00f5es) de US$ 3,8 bilh\u00f5es em setembro. \u00c9 o melhor resultado para esse m\u00eas desde 2006. No ano, a balan\u00e7a acumula saldo positivo de US$ 36,2 bilh\u00f5es, maior resultado para o per\u00edodo desde o in\u00edcio da s\u00e9rie hist\u00f3rica, em 1989.<\/p>\n<p>A expectativa do governo \u00e9 que a balan\u00e7a encerre 2016 com super\u00e1vit entre US$ 45 bilh\u00f5es e US$ 50 bilh\u00f5es. Caso se confirme, pode haver recorde em rela\u00e7\u00e3o ao melhor saldo anual j\u00e1 registrado, em 2006, quando a balan\u00e7a fechou positiva em US$ 46,4 bilh\u00f5es.<\/p>\n<p>Os dados foram divulgados pelo Minist\u00e9rio da Ind\u00fastria, Com\u00e9rcio Exterior e Servi\u00e7os. O resultado positivo de setembro derivou de US$ 15,79 bilh\u00f5es em exporta\u00e7\u00f5es e US$ 11,987 bilh\u00f5es em importa\u00e7\u00f5es.<\/p>\n<p>As vendas externas ca\u00edram 2,2% sobre setembro de 2015, mas subiram 1,8% em rela\u00e7\u00e3o a agosto deste ano, segundo o crit\u00e9rio da m\u00e9dia di\u00e1ria, que mede o valor negociado por dia \u00fatil.<\/p>\n<p>Do lado das compras do Brasil no exterior, houve queda de 9,2% no volume di\u00e1rio negociado na compara\u00e7\u00e3o com setembro de 2015. As importa\u00e7\u00f5es cresceram 2,2% em rela\u00e7\u00e3o a agosto de 2016.<\/p>\n<p>No ano, o Brasil exportou US$ 139,4 bilh\u00f5es, ou 4,6% menos que em igual per\u00edodo de 2015. De janeiro a setembro, o pa\u00eds importou US$ 103,2 bilh\u00f5es, o que representa 23,9% menos do que nos nove primeiros meses do ano passado.<\/p>\n<p>Mariana Branco &#8211; Rep\u00f3rter da Ag\u00eancia Brasil<br \/>\nEdi\u00e7\u00e3o: Juliana Andrade<br \/>\n04\/10\/2016<\/p>\n","protected":false},"excerpt":{"rendered":"<p>A balan\u00e7a comercial brasileira teve super\u00e1vit (exporta\u00e7\u00f5es maiores que importa\u00e7\u00f5es) de US$ 3,8 bilh\u00f5es em setembro. \u00c9 o melhor resultado para esse m\u00eas desde 2006. No ano, a balan\u00e7a acumula saldo positivo de US$ 36,2 bilh\u00f5es, maior resultado para o per\u00edodo desde o in\u00edcio da s\u00e9rie hist\u00f3rica, em 1989. A expectativa do governo \u00e9 que [&hellip;]<\/p>\n","protected":false},"author":2,"featured_media":57583,"comment_status":"open","ping_status":"closed","sticky":false,"template":"","format":"standard","meta":{"_genesis_hide_title":false,"_genesis_hide_breadcrumbs":false,"_genesis_hide_singular_image":false,"_genesis_hide_footer_widgets":false,"_genesis_custom_body_class":"","_genesis_custom_post_class":"","_genesis_layout":"","_jetpack_memberships_contains_paid_content":false,"footnotes":""},"categories":[22,7],"tags":[],"class_list":{"0":"post-96639","1":"post","2":"type-post","3":"status-publish","4":"format-standard","5":"has-post-thumbnail","7":"category-brasil","8":"category-economia","9":"entry","10":"gs-1","11":"gs-odd","12":"gs-even","13":"gs-featured-content-entry"},"jetpack_featured_media_url":"https:\/\/www.redenoticia.com.br\/noticia\/imagens\/economia-grafico.jpg","jetpack_sharing_enabled":true,"jetpack_likes_enabled":true,"_links":{"self":[{"href":"https:\/\/www.redenoticia.com.br\/noticia\/wp-json\/wp\/v2\/posts\/96639","targetHints":{"allow":["GET"]}}],"collection":[{"href":"https:\/\/www.redenoticia.com.br\/noticia\/wp-json\/wp\/v2\/posts"}],"about":[{"href":"https:\/\/www.redenoticia.com.br\/noticia\/wp-json\/wp\/v2\/types\/post"}],"author":[{"embeddable":true,"href":"https:\/\/www.redenoticia.com.br\/noticia\/wp-json\/wp\/v2\/users\/2"}],"replies":[{"embeddable":true,"href":"https:\/\/www.redenoticia.com.br\/noticia\/wp-json\/wp\/v2\/comments?post=96639"}],"version-history":[{"count":0,"href":"https:\/\/www.redenoticia.com.br\/noticia\/wp-json\/wp\/v2\/posts\/96639\/revisions"}],"wp:featuredmedia":[{"embeddable":true,"href":"https:\/\/www.redenoticia.com.br\/noticia\/wp-json\/wp\/v2\/media\/57583"}],"wp:attachment":[{"href":"https:\/\/www.redenoticia.com.br\/noticia\/wp-json\/wp\/v2\/media?parent=96639"}],"wp:term":[{"taxonomy":"category","embeddable":true,"href":"https:\/\/www.redenoticia.com.br\/noticia\/wp-json\/wp\/v2\/categories?post=96639"},{"taxonomy":"post_tag","embeddable":true,"href":"https:\/\/www.redenoticia.com.br\/noticia\/wp-json\/wp\/v2\/tags?post=96639"}],"curies":[{"name":"wp","href":"https:\/\/api.w.org\/{rel}","templated":true}]}}