{"id":96633,"date":"2016-10-04T06:08:28","date_gmt":"2016-10-04T09:08:28","guid":{"rendered":"http:\/\/www.redenoticia.com.br\/noticia\/?p=96633"},"modified":"2016-10-03T18:09:13","modified_gmt":"2016-10-03T21:09:13","slug":"fgv-indica-desaceleracao-do-ipc-s","status":"publish","type":"post","link":"https:\/\/www.redenoticia.com.br\/noticia\/2016\/fgv-indica-desaceleracao-do-ipc-s\/96633","title":{"rendered":"FGV indica desacelera\u00e7\u00e3o do IPC-S"},"content":{"rendered":"<p> O \u00cdndice de Pre\u00e7os ao Consumidor Semanal (<strong><em>IPC-S<\/em><\/strong>) encerrou setembro em desacelera\u00e7\u00e3o com 0,07%, taxa que \u00e9 0,11 ponto percentual menor do que a registrada na \u00faltima apura\u00e7\u00e3o (0,18%) e tamb\u00e9m inferior ao resultado das pr\u00e9vias anteriores deste m\u00eas. Na primeira pesquisa de setembro, o \u00edndice havia atingido alta de 0,34% e na segunda varia\u00e7\u00e3o de 0,27%. No acumulado do ano, o IPC-S teve alta de 5,29% e, em 12 meses, 8,10%.<\/p>\n<p>O levantamento \u00e9 feito pelo Instituto Brasileiro de Economia, da Funda\u00e7\u00e3o Getulio Vargas (Ibre\/FGV), em Recife, Salvador, Rio de Janeiro, S\u00e3o Paulo, Belo Horizonte, Bras\u00edlia e Porto Alegre.<\/p>\n<p>Cinco dos oito grupos pesquisados apresentaram decr\u00e9scimo e o principal deles foi alimenta\u00e7\u00e3o em que foi revertida alta de 0,11%, na pesquisa anterior, para uma queda de 0,14%. Esse resultado teve grande influ\u00eancia da desacelera\u00e7\u00e3o de pre\u00e7os das frutas (de 4,44% para 0,24%).<\/p>\n<p>Mais quedas<\/p>\n<p>Os demais grupos que fecharam o m\u00eas com recuo foram: educa\u00e7\u00e3o, leitura e recrea\u00e7\u00e3o (de 0,39% para -0,02%), transportes (de 0,02% para -0,11%) e despesas diversas (de -0,28% para -0,32%). Tamb\u00e9m contribuiu para redu\u00e7\u00e3o no ritmo inflacion\u00e1rio o grupo sa\u00fade e cuidados pessoais (de 0,37% para 0,34%).<\/p>\n<p>Em movimento oposto, subiram os pre\u00e7os do vestu\u00e1rio (de 0,33% para 0,40%), puxados, principalmente, pelos cal\u00e7ados, que ficaram 0,43% mais caros ante uma alta anterior de 0,30%. Em comunica\u00e7\u00e3o, a taxa passou de 0,01% para 0,08% e em habita\u00e7\u00e3o (de 0,27% para 0,28%).<\/p>\n<p>Os itens que mais pressionaram no per\u00edodo foram: plano e seguro de sa\u00fade (1,05%); refei\u00e7\u00f5es em bares e restaurantes (0,39%); g\u00e1s de botij\u00e3o (3,01%); banana-nanica (19,44%) e passagem a\u00e9rea (9,19%).<\/p>\n<p>No grupo dos itens que mais auxiliaram na redu\u00e7\u00e3o da velocidade de alta do \u00edndice foram: leite tipo longa vida (-9,28%); batata-inglesa (-22,50%); gasolina (-1,23%); show musical (-4,59%); banana-prata (-7,81%).<\/p>\n<p>Marli Moreira &#8211; Rep\u00f3rter da Ag\u00eancia Brasil<br \/>\nEdi\u00e7\u00e3o: Kleber Sampaio<br \/>\n04\/10\/2016<\/p>\n","protected":false},"excerpt":{"rendered":"<p>O \u00cdndice de Pre\u00e7os ao Consumidor Semanal (IPC-S) encerrou setembro em desacelera\u00e7\u00e3o com 0,07%, taxa que \u00e9 0,11 ponto percentual menor do que a registrada na \u00faltima apura\u00e7\u00e3o (0,18%) e tamb\u00e9m inferior ao resultado das pr\u00e9vias anteriores deste m\u00eas. Na primeira pesquisa de setembro, o \u00edndice havia atingido alta de 0,34% e na segunda varia\u00e7\u00e3o [&hellip;]<\/p>\n","protected":false},"author":2,"featured_media":38938,"comment_status":"open","ping_status":"closed","sticky":false,"template":"","format":"standard","meta":{"_genesis_hide_title":false,"_genesis_hide_breadcrumbs":false,"_genesis_hide_singular_image":false,"_genesis_hide_footer_widgets":false,"_genesis_custom_body_class":"","_genesis_custom_post_class":"","_genesis_layout":"","_jetpack_memberships_contains_paid_content":false,"footnotes":""},"categories":[22,7],"tags":[],"class_list":{"0":"post-96633","1":"post","2":"type-post","3":"status-publish","4":"format-standard","5":"has-post-thumbnail","7":"category-brasil","8":"category-economia","9":"entry","10":"gs-1","11":"gs-odd","12":"gs-even","13":"gs-featured-content-entry"},"jetpack_featured_media_url":"https:\/\/www.redenoticia.com.br\/noticia\/imagens\/economia1.jpg","jetpack_sharing_enabled":true,"jetpack_likes_enabled":true,"_links":{"self":[{"href":"https:\/\/www.redenoticia.com.br\/noticia\/wp-json\/wp\/v2\/posts\/96633","targetHints":{"allow":["GET"]}}],"collection":[{"href":"https:\/\/www.redenoticia.com.br\/noticia\/wp-json\/wp\/v2\/posts"}],"about":[{"href":"https:\/\/www.redenoticia.com.br\/noticia\/wp-json\/wp\/v2\/types\/post"}],"author":[{"embeddable":true,"href":"https:\/\/www.redenoticia.com.br\/noticia\/wp-json\/wp\/v2\/users\/2"}],"replies":[{"embeddable":true,"href":"https:\/\/www.redenoticia.com.br\/noticia\/wp-json\/wp\/v2\/comments?post=96633"}],"version-history":[{"count":0,"href":"https:\/\/www.redenoticia.com.br\/noticia\/wp-json\/wp\/v2\/posts\/96633\/revisions"}],"wp:featuredmedia":[{"embeddable":true,"href":"https:\/\/www.redenoticia.com.br\/noticia\/wp-json\/wp\/v2\/media\/38938"}],"wp:attachment":[{"href":"https:\/\/www.redenoticia.com.br\/noticia\/wp-json\/wp\/v2\/media?parent=96633"}],"wp:term":[{"taxonomy":"category","embeddable":true,"href":"https:\/\/www.redenoticia.com.br\/noticia\/wp-json\/wp\/v2\/categories?post=96633"},{"taxonomy":"post_tag","embeddable":true,"href":"https:\/\/www.redenoticia.com.br\/noticia\/wp-json\/wp\/v2\/tags?post=96633"}],"curies":[{"name":"wp","href":"https:\/\/api.w.org\/{rel}","templated":true}]}}