{"id":96631,"date":"2016-10-04T06:07:34","date_gmt":"2016-10-04T09:07:34","guid":{"rendered":"http:\/\/www.redenoticia.com.br\/noticia\/?p=96631"},"modified":"2016-10-03T18:08:25","modified_gmt":"2016-10-03T21:08:25","slug":"procon-sp-fiscaliza-lojas-de-brinquedo","status":"publish","type":"post","link":"https:\/\/www.redenoticia.com.br\/noticia\/2016\/procon-sp-fiscaliza-lojas-de-brinquedo\/96631","title":{"rendered":"Procon-SP fiscaliza lojas de brinquedo"},"content":{"rendered":"<p> Desde a \u00faltima sexta-feira (30 de setembro), o Procon-SP realiza a &#8220;<strong><em>Opera\u00e7\u00e3o Dia das Crian\u00e7as<\/em><\/strong>&#8221; por meio da fiscaliza\u00e7\u00e3o de lojas voltadas ao p\u00fablico infantil. A base \u00e9 o\u00a0.<\/p>\n<p>Ser\u00e3o verificados os pre\u00e7os e formas de pagamentos (que devem estar claras), se as embalagens est\u00e3o com o selo do Inmetro e as demais informa\u00e7\u00f5es que devem possuir, identifica\u00e7\u00e3o fiscal, instru\u00e7\u00f5es de uso, descri\u00e7\u00e3o exata dos itens que fazem parte do produto e se o C\u00f3digo de Defesa do Consumidor est\u00e1 com acesso f\u00e1cil ao usu\u00e1rio.<\/p>\n<p>Tamb\u00e9m ser\u00e1 divulgada uma pesquisa comparativa de pre\u00e7os de produtos. Em 2015, verificou-se que um mesmo brinquedo apresentava a diferen\u00e7a de 233,1%, ou seja, em um lugar custava R$ 39,00 e em outro R$ 90,99.<\/p>\n<p>Acesse o .<\/p>\n<p>Do Portal do Governo do Estado SP<\/p>\n","protected":false},"excerpt":{"rendered":"<p>Desde a \u00faltima sexta-feira (30 de setembro), o Procon-SP realiza a &#8220;Opera\u00e7\u00e3o Dia das Crian\u00e7as&#8221; por meio da fiscaliza\u00e7\u00e3o de lojas voltadas ao p\u00fablico infantil. A base \u00e9 o\u00a0. Ser\u00e3o verificados os pre\u00e7os e formas de pagamentos (que devem estar claras), se as embalagens est\u00e3o com o selo do Inmetro e as demais informa\u00e7\u00f5es que [&hellip;]<\/p>\n","protected":false},"author":2,"featured_media":34966,"comment_status":"open","ping_status":"closed","sticky":false,"template":"","format":"standard","meta":{"_genesis_hide_title":false,"_genesis_hide_breadcrumbs":false,"_genesis_hide_singular_image":false,"_genesis_hide_footer_widgets":false,"_genesis_custom_body_class":"","_genesis_custom_post_class":"","_genesis_layout":"","_jetpack_memberships_contains_paid_content":false,"footnotes":""},"categories":[22],"tags":[],"class_list":{"0":"post-96631","1":"post","2":"type-post","3":"status-publish","4":"format-standard","5":"has-post-thumbnail","7":"category-brasil","8":"entry","9":"gs-1","10":"gs-odd","11":"gs-even","12":"gs-featured-content-entry"},"jetpack_featured_media_url":"https:\/\/www.redenoticia.com.br\/noticia\/imagens\/fim-da-sacola-plastica.jpg","jetpack_sharing_enabled":true,"jetpack_likes_enabled":true,"_links":{"self":[{"href":"https:\/\/www.redenoticia.com.br\/noticia\/wp-json\/wp\/v2\/posts\/96631","targetHints":{"allow":["GET"]}}],"collection":[{"href":"https:\/\/www.redenoticia.com.br\/noticia\/wp-json\/wp\/v2\/posts"}],"about":[{"href":"https:\/\/www.redenoticia.com.br\/noticia\/wp-json\/wp\/v2\/types\/post"}],"author":[{"embeddable":true,"href":"https:\/\/www.redenoticia.com.br\/noticia\/wp-json\/wp\/v2\/users\/2"}],"replies":[{"embeddable":true,"href":"https:\/\/www.redenoticia.com.br\/noticia\/wp-json\/wp\/v2\/comments?post=96631"}],"version-history":[{"count":0,"href":"https:\/\/www.redenoticia.com.br\/noticia\/wp-json\/wp\/v2\/posts\/96631\/revisions"}],"wp:featuredmedia":[{"embeddable":true,"href":"https:\/\/www.redenoticia.com.br\/noticia\/wp-json\/wp\/v2\/media\/34966"}],"wp:attachment":[{"href":"https:\/\/www.redenoticia.com.br\/noticia\/wp-json\/wp\/v2\/media?parent=96631"}],"wp:term":[{"taxonomy":"category","embeddable":true,"href":"https:\/\/www.redenoticia.com.br\/noticia\/wp-json\/wp\/v2\/categories?post=96631"},{"taxonomy":"post_tag","embeddable":true,"href":"https:\/\/www.redenoticia.com.br\/noticia\/wp-json\/wp\/v2\/tags?post=96631"}],"curies":[{"name":"wp","href":"https:\/\/api.w.org\/{rel}","templated":true}]}}