{"id":96629,"date":"2016-10-04T06:06:25","date_gmt":"2016-10-04T09:06:25","guid":{"rendered":"http:\/\/www.redenoticia.com.br\/noticia\/?p=96629"},"modified":"2016-10-03T18:07:31","modified_gmt":"2016-10-03T21:07:31","slug":"potencial-eolico-em-terra-do-brasil-pode-ser-seis-vezes-maior-do-que-o-estimado","status":"publish","type":"post","link":"https:\/\/www.redenoticia.com.br\/noticia\/2016\/potencial-eolico-em-terra-do-brasil-pode-ser-seis-vezes-maior-do-que-o-estimado\/96629","title":{"rendered":"Potencial e\u00f3lico em terra do Brasil pode ser seis vezes maior do que o estimado"},"content":{"rendered":"<p> No\u00eamia Lopes \u00a0| \u00a0Ag\u00eancia FAPESP \u2013 Uma revis\u00e3o do <strong><em>potencial e\u00f3lico<\/em><\/strong> on shore (em terra) do Brasil, realizada em resposta ao aumento da altura das torres de gera\u00e7\u00e3o energ\u00e9tica, aponta que o pa\u00eds pode ter uma capacidade seis vezes maior de produzir energia a partir dos ventos do que o estimado no \u00faltimo grande levantamento nacional, o Atlas do Potencial E\u00f3lico Brasileiro, lan\u00e7ado em 2001.<\/p>\n<p>A conclus\u00e3o \u00e9 de um estudo do subprojeto Energias Renov\u00e1veis do Instituto Nacional de Ci\u00eancia e Tecnologia para Mudan\u00e7as Clim\u00e1ticas (INCT-Clima),\u00a0 e pelo Conselho Nacional de Desenvolvimento Cient\u00edfico e Tecnol\u00f3gico (CNPq), e foi apresentada durante a Confer\u00eancia Internacional do instituto, realizada em S\u00e3o Paulo entre os dias 28 e 30 de setembro.<\/p>\n<p>\u201cO Atlas do Potencial E\u00f3lico Brasileiro foi feito com a estimativa do uso de torres de 50 metros de altura. Hoje, temos torres acima de 100 metros, que ampliam o potencial tecnicamente vi\u00e1vel de explora\u00e7\u00e3o de 143 gigawatt para 880 gigawatt\u201d, disse o coordenador da pesquisa, \u00canio Bueno Pereira, do Instituto Nacional de Pesquisas Espaciais (Inpe). \u201cAl\u00e9m disso, consideramos uma expans\u00e3o das \u00e1reas que se tornam economicamente vi\u00e1veis para a instala\u00e7\u00e3o das torres.\u201d<\/p>\n<p>Embora no Brasil a produ\u00e7\u00e3o de energia e\u00f3lica ainda seja restrita, Pereira aponta que o pa\u00eds \u00e9 o quarto no mundo em termos de expans\u00e3o da capacidade e\u00f3lica instalada, perdendo apenas para China, Estados Unidos e Alemanha.<\/p>\n<p>\u201c\u00c9 um movimento importante, em um momento em que se busca a diminui\u00e7\u00e3o da emiss\u00e3o de gases de efeito estufa, menor depend\u00eancia de combust\u00edveis f\u00f3sseis e garantia de seguran\u00e7a energ\u00e9tica\u201d, disse.<\/p>\n<p>No campo da energia e\u00f3lica, o subprojeto Energias Renov\u00e1veis tamb\u00e9m estuda o potencial offshore (\u201cem mar\u201d), buscando avaliar a zona costeira brasileira, particularmente na regi\u00e3o Nordeste; a viabilidade de explora\u00e7\u00e3o em \u00e1reas de reservat\u00f3rios hidrel\u00e9tricos; a previs\u00e3o da capacidade de gera\u00e7\u00e3o, visando aprimorar as estimativas calculadas em dias e horas de anteced\u00eancia; e a densidade de pot\u00eancia estimada at\u00e9 o final do s\u00e9culo.<\/p>\n<p>Sobre esse \u00faltimo tema, modelos revelam tend\u00eancia de aumento dos ventos em determinadas por\u00e7\u00f5es do norte da regi\u00e3o Nordeste. \u201cEmbora pare\u00e7a uma not\u00edcia interessante, ventos intensos e rajadas nem sempre s\u00e3o bons para o sistema de gera\u00e7\u00e3o de energia e\u00f3lica, que pode sofrer danos estruturais\u201d, disse Pereira.<\/p>\n<p>Outro aspecto ressaltado pelo pesquisador foi o potencial de gera\u00e7\u00e3o de energia el\u00e9trica a partir da irradia\u00e7\u00e3o solar. \u201cO pior n\u00edvel de irradia\u00e7\u00e3o no Brasil \u2013 na regi\u00e3o litor\u00e2nea de Santa Catarina e do Paran\u00e1 \u2013 \u00e9 compar\u00e1vel aos melhores n\u00edveis de irradia\u00e7\u00e3o que se tem na Alemanha, o pa\u00eds que mais explora a energia fotovoltaica [na qual c\u00e9lulas solares convertem luz diretamente em eletricidade] no mundo.\u201d<\/p>\n<p>A Rede Sonda, financiada parcialmente pelo INCT-Clima, coleta dados de irradia\u00e7\u00e3o no territ\u00f3rio nacional. Uma edi\u00e7\u00e3o atualizada do Atlas Brasileiro de Energia Solar, com informa\u00e7\u00f5es obtidas pela Rede nos \u00faltimos 15 anos, deve ser lan\u00e7ada ainda neste ano.<\/p>\n<p>\u201cS\u00e3o necess\u00e1rios mais estudos sobre a variabilidade solar, mas j\u00e1 sabemos que, se fossem usadas \u00e1reas como aquelas que s\u00e3o alagadas por hidrel\u00e9tricas ou as que est\u00e3o em estado avan\u00e7ado de desertifica\u00e7\u00e3o, ter\u00edamos uma grande gera\u00e7\u00e3o de energia fotovoltaica no Brasil\u201d, disse Pereira.<\/p>\n<p>Segundo o pesquisador, em temos de potencial te\u00f3rico, fontes e\u00f3licas e solares seriam capazes de suprir toda a demanda energ\u00e9tica nacional. Contudo, ainda \u00e9 necess\u00e1rio ultrapassar obst\u00e1culos financeiros e de conhecimento.<\/p>\n<p>\u201cO problema do custo vem sendo superado pela evolu\u00e7\u00e3o tecnol\u00f3gica, tanto que esses dois tipos renov\u00e1veis j\u00e1 s\u00e3o competitivos com a energia termel\u00e9trica. J\u00e1 a barreira do conhecimento \u00e9 aquela que ainda impede investidores de ter mais interesse na gera\u00e7\u00e3o e\u00f3lica e solar. \u00c9 o que o nosso projeto tenta enfrentar, investigando e disseminando dados cient\u00edficos sobre os verdadeiros potenciais dessas energias\u201d, disse.<\/p>\n<p>Na manh\u00e3 do dia 29 de setembro, a Confer\u00eancia Internacional do INCT-Clima tamb\u00e9m teve apresenta\u00e7\u00f5es de Luiz Pinguelli Rosa, da Universidade Federal do Rio de Janeiro (UFRJ), que tratou sobre os atuais desafios da pol\u00edtica energ\u00e9tica no Brasil e no mundo, e de Christovam Barcellos, da Funda\u00e7\u00e3o Oswaldo Cruz (Fiocruz), que falou sobre a rela\u00e7\u00e3o mudan\u00e7as clim\u00e1ticas e impactos na sa\u00fade humana.<\/p>\n","protected":false},"excerpt":{"rendered":"<p>No\u00eamia Lopes \u00a0| \u00a0Ag\u00eancia FAPESP \u2013 Uma revis\u00e3o do potencial e\u00f3lico on shore (em terra) do Brasil, realizada em resposta ao aumento da altura das torres de gera\u00e7\u00e3o energ\u00e9tica, aponta que o pa\u00eds pode ter uma capacidade seis vezes maior de produzir energia a partir dos ventos do que o estimado no \u00faltimo grande levantamento [&hellip;]<\/p>\n","protected":false},"author":2,"featured_media":28409,"comment_status":"open","ping_status":"closed","sticky":false,"template":"","format":"standard","meta":{"_genesis_hide_title":false,"_genesis_hide_breadcrumbs":false,"_genesis_hide_singular_image":false,"_genesis_hide_footer_widgets":false,"_genesis_custom_body_class":"","_genesis_custom_post_class":"","_genesis_layout":"","_jetpack_memberships_contains_paid_content":false,"footnotes":""},"categories":[22,7],"tags":[],"class_list":{"0":"post-96629","1":"post","2":"type-post","3":"status-publish","4":"format-standard","5":"has-post-thumbnail","7":"category-brasil","8":"category-economia","9":"entry","10":"gs-1","11":"gs-odd","12":"gs-even","13":"gs-featured-content-entry"},"jetpack_featured_media_url":"https:\/\/www.redenoticia.com.br\/noticia\/imagens\/previsao-do-tempo-e-temperatura.jpg","jetpack_sharing_enabled":true,"jetpack_likes_enabled":true,"_links":{"self":[{"href":"https:\/\/www.redenoticia.com.br\/noticia\/wp-json\/wp\/v2\/posts\/96629","targetHints":{"allow":["GET"]}}],"collection":[{"href":"https:\/\/www.redenoticia.com.br\/noticia\/wp-json\/wp\/v2\/posts"}],"about":[{"href":"https:\/\/www.redenoticia.com.br\/noticia\/wp-json\/wp\/v2\/types\/post"}],"author":[{"embeddable":true,"href":"https:\/\/www.redenoticia.com.br\/noticia\/wp-json\/wp\/v2\/users\/2"}],"replies":[{"embeddable":true,"href":"https:\/\/www.redenoticia.com.br\/noticia\/wp-json\/wp\/v2\/comments?post=96629"}],"version-history":[{"count":0,"href":"https:\/\/www.redenoticia.com.br\/noticia\/wp-json\/wp\/v2\/posts\/96629\/revisions"}],"wp:featuredmedia":[{"embeddable":true,"href":"https:\/\/www.redenoticia.com.br\/noticia\/wp-json\/wp\/v2\/media\/28409"}],"wp:attachment":[{"href":"https:\/\/www.redenoticia.com.br\/noticia\/wp-json\/wp\/v2\/media?parent=96629"}],"wp:term":[{"taxonomy":"category","embeddable":true,"href":"https:\/\/www.redenoticia.com.br\/noticia\/wp-json\/wp\/v2\/categories?post=96629"},{"taxonomy":"post_tag","embeddable":true,"href":"https:\/\/www.redenoticia.com.br\/noticia\/wp-json\/wp\/v2\/tags?post=96629"}],"curies":[{"name":"wp","href":"https:\/\/api.w.org\/{rel}","templated":true}]}}