{"id":96539,"date":"2016-10-03T06:34:39","date_gmt":"2016-10-03T09:34:39","guid":{"rendered":"http:\/\/www.redenoticia.com.br\/noticia\/?p=96539"},"modified":"2016-10-01T20:35:32","modified_gmt":"2016-10-01T23:35:32","slug":"contas-publicas-ficam-negativas-em-us-222-bi-no-pior-resultado-para-agosto","status":"publish","type":"post","link":"https:\/\/www.redenoticia.com.br\/noticia\/2016\/contas-publicas-ficam-negativas-em-us-222-bi-no-pior-resultado-para-agosto\/96539","title":{"rendered":"Contas p\u00fablicas ficam negativas em US$ 22,2 bi no pior resultado para agosto"},"content":{"rendered":"<p> O setor p\u00fablico consolidado, formado por Uni\u00e3o, estados e munic\u00edpios, registrou <strong><em>d\u00e9ficit prim\u00e1rio<\/em><\/strong>, receitas menos despesas, sem considerar os gastos com juros, de R$ 22,267 bilh\u00f5es, em agosto, informou o Banco Central (BC). Esse foi o pior resultado para o m\u00eas na s\u00e9rie hist\u00f3rica, iniciada em dezembro de 2001. O resultado do m\u00eas superou o d\u00e9ficit prim\u00e1rio de R$ 7,310 bilh\u00f5es de agosto de 2015.<\/p>\n<p>Nos oito meses do ano, o resultado negativo chegou a R$ 58,859 bilh\u00f5es, contra d\u00e9ficit de R$ 1,105 bilh\u00e3o, em igual per\u00edodo de 2015.<\/p>\n<p>Em 12 meses encerrados em agosto, o d\u00e9ficit prim\u00e1rio ficou em R$ 169,003 bilh\u00f5es, o que corresponde a 2,77% do Produto Interno Bruto (PIB), a soma de todos os bens e servi\u00e7os produzidos no pa\u00eds.<\/p>\n<p>Em agosto deste ano, o Governo Central (Previd\u00eancia, Banco Central e Tesouro Nacional) registrou d\u00e9ficit prim\u00e1rio de R$ 22,143 bilh\u00f5es. Os governos estaduais tamb\u00e9m apresentaram resultado negativo, com d\u00e9ficit prim\u00e1rio de R$ 818 milh\u00f5es, e os municipais, super\u00e1vit de R$ 165 milh\u00f5es. As empresas estatais federais, estaduais e municipais, exclu\u00eddas empresas dos grupos Petrobras e Eletrobras, acusaram super\u00e1vit prim\u00e1rio de R$ 529 milh\u00f5es, no m\u00eas passado.<\/p>\n<p>O chefe do Departamento Econ\u00f4mico do BC, Tulio Maciel, refor\u00e7ou que os resultados negativos das contas p\u00fablicas s\u00e3o influenciados pela redu\u00e7\u00e3o das receitas, por influencia da retra\u00e7\u00e3o da economia, ao mesmo tempo em que h\u00e1 aumento das despesas. \u201cH\u00e1 um desequil\u00edbrio na trajet\u00f3ria de receitas e despesas\u201d, disse.<\/p>\n<p>D\u00e9ficit prim\u00e1rio de at\u00e9 R$ 163,9 bilh\u00f5es nas contas p\u00fablicas<\/p>\n<p>A meta fiscal prev\u00ea um d\u00e9ficit prim\u00e1rio de at\u00e9 R$ 163,9 bilh\u00f5es nas contas p\u00fablicas este ano. Para chegar a esse resultado do setor p\u00fablico consolidado, a expectativa \u00e9 que o governo federal apresente d\u00e9ficit prim\u00e1rio de R$ 170,496 bilh\u00f5es e estados e munic\u00edpios, um super\u00e1vit de R$ 6,554 bilh\u00f5es.<\/p>\n<p>Em agosto, os gastos com juros nominais ficaram em R$ 40,676 bilh\u00f5es, contra R$ 49,703 bilh\u00f5es em igual m\u00eas de 2015. De janeiro a agosto, os gastos chegaram a R$ 254,575 bilh\u00f5es. Em 12 meses encerrados em julho, as despesas com juros ficaram em R$ 418,035 bilh\u00f5es, o que corresponde a 6,86% do PIB.<\/p>\n<p>De acordo com Maciel, as despesas com juros est\u00e3o menores este ano devido aos ganhos do BC em opera\u00e7\u00f5es de compra e venda de d\u00f3lares no mercado futuro, chamadas de swap cambial. Neste ano, at\u00e9 agosto, o BC lucrou mais de R$ 72 bilh\u00f5es, sendo que, no ano passado, o preju\u00edzo ficou em cerca de R$ 74 bilh\u00f5es.<\/p>\n<p>O d\u00e9ficit nominal &#8211; formado pelo resultado prim\u00e1rio e os resultados de juros &#8211; ficou em R$ 62,943 bilh\u00f5es no m\u00eas passado, ante R$ 57,013 bilh\u00f5es de agosto de 2015. Nos oito meses do ano, o resultado negativo foi de R$ 313,434 bilh\u00f5es, contra R$ 339,431 bilh\u00f5es em igual per\u00edodo de 2015. Em 12 meses encerrados em agosto, o d\u00e9ficit nominal atingiu R$ 597,038 bilh\u00f5es, o que corresponde a 9,64% do PIB.<\/p>\n<p>A d\u00edvida l\u00edquida do setor p\u00fablico &#8211; balan\u00e7o entre o total de cr\u00e9ditos e d\u00e9bitos dos governos federal, estaduais e municipais \u2013 somou R$ 2,638 trilh\u00f5es em agosto, o que corresponde a 43,3% do PIB, contra 42,5% de julho. A d\u00edvida bruta (contabiliza apenas os passivos dos governos federal, estaduais e municipais) chegou a R$ 4,272 trilh\u00f5es ou 70,1% do PIB, com eleva\u00e7\u00e3o de 0,5 ponto percentual em rela\u00e7\u00e3o a julho.<\/p>\n<p>O BC revisou a proje\u00e7\u00e3o para o final deste ano da d\u00edvida l\u00edquida em rela\u00e7\u00e3o ao PIB de 44,7% para 46,2%. A estimativa da d\u00edvida bruta caiu de 73,3% para 73% do PIB.<\/p>\n<p>Kelly Oliveira &#8211; Rep\u00f3rter da Ag\u00eancia Brasil<br \/>\nEdi\u00e7\u00e3o: Kleber Sampaio<br \/>\n03\/10\/2016<\/p>\n","protected":false},"excerpt":{"rendered":"<p>O setor p\u00fablico consolidado, formado por Uni\u00e3o, estados e munic\u00edpios, registrou d\u00e9ficit prim\u00e1rio, receitas menos despesas, sem considerar os gastos com juros, de R$ 22,267 bilh\u00f5es, em agosto, informou o Banco Central (BC). Esse foi o pior resultado para o m\u00eas na s\u00e9rie hist\u00f3rica, iniciada em dezembro de 2001. O resultado do m\u00eas superou o [&hellip;]<\/p>\n","protected":false},"author":2,"featured_media":57585,"comment_status":"open","ping_status":"closed","sticky":false,"template":"","format":"standard","meta":{"_genesis_hide_title":false,"_genesis_hide_breadcrumbs":false,"_genesis_hide_singular_image":false,"_genesis_hide_footer_widgets":false,"_genesis_custom_body_class":"","_genesis_custom_post_class":"","_genesis_layout":"","_jetpack_memberships_contains_paid_content":false,"footnotes":""},"categories":[22,7],"tags":[],"class_list":{"0":"post-96539","1":"post","2":"type-post","3":"status-publish","4":"format-standard","5":"has-post-thumbnail","7":"category-brasil","8":"category-economia","9":"entry","10":"gs-1","11":"gs-odd","12":"gs-even","13":"gs-featured-content-entry"},"jetpack_featured_media_url":"https:\/\/www.redenoticia.com.br\/noticia\/imagens\/analise-economia.jpg","jetpack_sharing_enabled":true,"jetpack_likes_enabled":true,"_links":{"self":[{"href":"https:\/\/www.redenoticia.com.br\/noticia\/wp-json\/wp\/v2\/posts\/96539","targetHints":{"allow":["GET"]}}],"collection":[{"href":"https:\/\/www.redenoticia.com.br\/noticia\/wp-json\/wp\/v2\/posts"}],"about":[{"href":"https:\/\/www.redenoticia.com.br\/noticia\/wp-json\/wp\/v2\/types\/post"}],"author":[{"embeddable":true,"href":"https:\/\/www.redenoticia.com.br\/noticia\/wp-json\/wp\/v2\/users\/2"}],"replies":[{"embeddable":true,"href":"https:\/\/www.redenoticia.com.br\/noticia\/wp-json\/wp\/v2\/comments?post=96539"}],"version-history":[{"count":0,"href":"https:\/\/www.redenoticia.com.br\/noticia\/wp-json\/wp\/v2\/posts\/96539\/revisions"}],"wp:featuredmedia":[{"embeddable":true,"href":"https:\/\/www.redenoticia.com.br\/noticia\/wp-json\/wp\/v2\/media\/57585"}],"wp:attachment":[{"href":"https:\/\/www.redenoticia.com.br\/noticia\/wp-json\/wp\/v2\/media?parent=96539"}],"wp:term":[{"taxonomy":"category","embeddable":true,"href":"https:\/\/www.redenoticia.com.br\/noticia\/wp-json\/wp\/v2\/categories?post=96539"},{"taxonomy":"post_tag","embeddable":true,"href":"https:\/\/www.redenoticia.com.br\/noticia\/wp-json\/wp\/v2\/tags?post=96539"}],"curies":[{"name":"wp","href":"https:\/\/api.w.org\/{rel}","templated":true}]}}