{"id":96537,"date":"2016-10-03T06:33:07","date_gmt":"2016-10-03T09:33:07","guid":{"rendered":"http:\/\/www.redenoticia.com.br\/noticia\/?p=96537"},"modified":"2016-10-01T20:34:36","modified_gmt":"2016-10-01T23:34:36","slug":"desemprego-sobe-para-118-e-atinge-12-milhoes-de-pessoas-diz-ibge","status":"publish","type":"post","link":"https:\/\/www.redenoticia.com.br\/noticia\/2016\/desemprego-sobe-para-118-e-atinge-12-milhoes-de-pessoas-diz-ibge\/96537","title":{"rendered":"Desemprego sobe para 11,8% e atinge 12 milh\u00f5es de pessoas, diz IBGE"},"content":{"rendered":"<p> A taxa de <strong><em>desemprego<\/em><\/strong> no Brasil, medida pelo Instituto Brasileiro de Geografia e Estat\u00edstica (IBGE) na Pesquisa Nacional por Amostra de Domic\u00edlios Cont\u00ednua (Pnad), subiu para 11,8% no trimestre encerrado em agosto. Nos tr\u00eas meses anteriores, a taxa estava em 11,2%, e j\u00e1 era a maior da s\u00e9rie hist\u00f3rica.<\/p>\n<p>A pesquisa aponta 12 milh\u00f5es de pessoas desocupadas no pa\u00eds, popula\u00e7\u00e3o classificada assim por ter procurado emprego sem encontrar. Em rela\u00e7\u00e3o a mar\u00e7o, abril e maio, a popula\u00e7\u00e3o desempregada de junho, julho e agosto aumentou em 583 mil pessoas, ou 5,1%.<\/p>\n<p>J\u00e1 a popula\u00e7\u00e3o ocupada caiu 0,8% na compara\u00e7\u00e3o entre os dois trimestres, com a perda de 712 mil postos. Ao todo, esse contingente soma 90,1 milh\u00f5es de pessoas. Apesar disso, o n\u00famero de empregados com carteira assinada se manteve est\u00e1vel em 34,2 milh\u00f5es.<\/p>\n<p>Desemprego era de 8,7% em 2015<\/p>\n<p>A compara\u00e7\u00e3o de junho, julho e agosto de 2016 com o mesmo per\u00edodo de 2015 mostra uma redu\u00e7\u00e3o de 2 milh\u00f5es de pessoas na popula\u00e7\u00e3o ocupada e um acr\u00e9scimo de 3,2 milh\u00f5es de pessoas na popula\u00e7\u00e3o desocupada.<\/p>\n<p>No ano passado, a taxa de desemprego neste trimestre era de 8,7%, e tamb\u00e9m estava em uma trajet\u00f3ria de alta em rela\u00e7\u00e3o aos trimestres anteriores.<\/p>\n<p>O n\u00famero de empregados com carteira assinada de 2016 caiu 3,8% em rela\u00e7\u00e3o a 2015, com a sa\u00edda de 1,4 milh\u00e3o de pessoas desse grupo.<\/p>\n<p>Rendimento se mant\u00e9m est\u00e1vel<\/p>\n<p>A pesquisa informa ainda que o rendimento m\u00e9dio real habitualmente recebido pelos brasileiros teve uma varia\u00e7\u00e3o negativa dentro da margem que o IBGE considera de estabilidade. A renda m\u00e9dia foi de R$ 2.011, 0,2% a menos que os R$ 2.015 do trimestre imediatamente anterior e 1,7% a menos que os R$ 2.047 registrados no mesmo per\u00edodo do ano passado.<\/p>\n<p>A massa de rendimento real em todos os trabalhos tamb\u00e9m n\u00e3o apresentou em varia\u00e7\u00e3o considerada significativa pelo IBGE frente a mar\u00e7o, abril e maio, mas caiu 3% na compara\u00e7\u00e3o com 2015. O total est\u00e1 em R$ 177 bilh\u00f5es.<\/p>\n<p>Vinicius Lisboa &#8211; Rep\u00f3rter da Ag\u00eancia Brasil<br \/>\nEdi\u00e7\u00e3o: Kleber Sampaio<br \/>\n03\/10\/2016<\/p>\n","protected":false},"excerpt":{"rendered":"<p>A taxa de desemprego no Brasil, medida pelo Instituto Brasileiro de Geografia e Estat\u00edstica (IBGE) na Pesquisa Nacional por Amostra de Domic\u00edlios Cont\u00ednua (Pnad), subiu para 11,8% no trimestre encerrado em agosto. Nos tr\u00eas meses anteriores, a taxa estava em 11,2%, e j\u00e1 era a maior da s\u00e9rie hist\u00f3rica. A pesquisa aponta 12 milh\u00f5es de [&hellip;]<\/p>\n","protected":false},"author":2,"featured_media":57582,"comment_status":"open","ping_status":"closed","sticky":false,"template":"","format":"standard","meta":{"_genesis_hide_title":false,"_genesis_hide_breadcrumbs":false,"_genesis_hide_singular_image":false,"_genesis_hide_footer_widgets":false,"_genesis_custom_body_class":"","_genesis_custom_post_class":"","_genesis_layout":"","_jetpack_memberships_contains_paid_content":false,"footnotes":""},"categories":[22,7],"tags":[],"class_list":{"0":"post-96537","1":"post","2":"type-post","3":"status-publish","4":"format-standard","5":"has-post-thumbnail","7":"category-brasil","8":"category-economia","9":"entry","10":"gs-1","11":"gs-odd","12":"gs-even","13":"gs-featured-content-entry"},"jetpack_featured_media_url":"https:\/\/www.redenoticia.com.br\/noticia\/imagens\/grafico1.jpg","jetpack_sharing_enabled":true,"jetpack_likes_enabled":true,"_links":{"self":[{"href":"https:\/\/www.redenoticia.com.br\/noticia\/wp-json\/wp\/v2\/posts\/96537","targetHints":{"allow":["GET"]}}],"collection":[{"href":"https:\/\/www.redenoticia.com.br\/noticia\/wp-json\/wp\/v2\/posts"}],"about":[{"href":"https:\/\/www.redenoticia.com.br\/noticia\/wp-json\/wp\/v2\/types\/post"}],"author":[{"embeddable":true,"href":"https:\/\/www.redenoticia.com.br\/noticia\/wp-json\/wp\/v2\/users\/2"}],"replies":[{"embeddable":true,"href":"https:\/\/www.redenoticia.com.br\/noticia\/wp-json\/wp\/v2\/comments?post=96537"}],"version-history":[{"count":0,"href":"https:\/\/www.redenoticia.com.br\/noticia\/wp-json\/wp\/v2\/posts\/96537\/revisions"}],"wp:featuredmedia":[{"embeddable":true,"href":"https:\/\/www.redenoticia.com.br\/noticia\/wp-json\/wp\/v2\/media\/57582"}],"wp:attachment":[{"href":"https:\/\/www.redenoticia.com.br\/noticia\/wp-json\/wp\/v2\/media?parent=96537"}],"wp:term":[{"taxonomy":"category","embeddable":true,"href":"https:\/\/www.redenoticia.com.br\/noticia\/wp-json\/wp\/v2\/categories?post=96537"},{"taxonomy":"post_tag","embeddable":true,"href":"https:\/\/www.redenoticia.com.br\/noticia\/wp-json\/wp\/v2\/tags?post=96537"}],"curies":[{"name":"wp","href":"https:\/\/api.w.org\/{rel}","templated":true}]}}