{"id":96535,"date":"2016-10-03T06:31:51","date_gmt":"2016-10-03T09:31:51","guid":{"rendered":"http:\/\/www.redenoticia.com.br\/noticia\/?p=96535"},"modified":"2016-10-01T20:33:00","modified_gmt":"2016-10-01T23:33:00","slug":"fmi-recomenda-ao-brasil-mudancas-no-salario-minimo-e-reformas","status":"publish","type":"post","link":"https:\/\/www.redenoticia.com.br\/noticia\/2016\/fmi-recomenda-ao-brasil-mudancas-no-salario-minimo-e-reformas\/96535","title":{"rendered":"FMI recomenda ao Brasil mudan\u00e7as no sal\u00e1rio m\u00ednimo e reformas"},"content":{"rendered":"<p> O Fundo Monet\u00e1rio Internacional (FMI) recomendou a revis\u00e3o da f\u00f3rmula para c\u00e1lculo do sal\u00e1rio m\u00ednimo, a aprova\u00e7\u00e3o de um teto para os gastos p\u00fablicos e as reformas da Previd\u00eancia e trabalhista no Brasil. O organismo internacional divulgou declara\u00e7\u00e3o na qual analisa a situa\u00e7\u00e3o da <strong><em>economia brasileira<\/em><\/strong> ap\u00f3s miss\u00e3o oficial ao pa\u00eds.<\/p>\n<p>\u201cA f\u00f3rmula para as revis\u00f5es do sal\u00e1rio m\u00ednimo afeta o crescimento de pens\u00f5es e outros benef\u00edcios e \u00e9, portanto, uma grande fonte de press\u00e3o fiscal no m\u00e9dio prazo. O v\u00ednculo entre benef\u00edcios sociais e o sal\u00e1rio m\u00ednimo merece revis\u00e3o, enquanto a f\u00f3rmula do sal\u00e1rio m\u00ednimo deveria ser revisada para melhor refletir as melhoras em produtividade\u201d, afirma o relat\u00f3rio.<\/p>\n<p>Atualmente, a atualiza\u00e7\u00e3o do sal\u00e1rio m\u00ednimo no Brasil leva em conta a infla\u00e7\u00e3o do ano anterior e o crescimento do Produto Interno Bruto (PIB, soma dos bens e riquezas produzidos em um pa\u00eds) de dois anos atr\u00e1s. Em 2015, o Congresso Nacional aprovou a f\u00f3rmula com vig\u00eancia at\u00e9 2019.<\/p>\n<p>Teto de gastos<\/p>\n<p>No comunicado, o FMI tamb\u00e9m considera acertada a inten\u00e7\u00e3o do governo de controlar os gastos p\u00fablicos. A proposta do Pal\u00e1cio do Planalto \u00e9 limitar os gastos \u00e0 infla\u00e7\u00e3o do ano anterior, por meio da Proposta de Emenda \u00e0 Constitui\u00e7\u00e3o (PEC) 241.<\/p>\n<p>Para o fundo, \u201ca aprova\u00e7\u00e3o e imediata implementa\u00e7\u00e3o do teto de gastos  (\u2026) ajudaria a melhorar a trajet\u00f3ria do gasto p\u00fablico no longo prazo e permitiria a estabiliza\u00e7\u00e3o e eventual redu\u00e7\u00e3o da participa\u00e7\u00e3o da d\u00edvida p\u00fablica no PIB\u201d.<\/p>\n<p>O FMI tamb\u00e9m comentou a situa\u00e7\u00e3o financeira dos estados. \u201cA trajet\u00f3ria ascendente dos gastos em muitos estados, incluindo alguns dos maiores, precisa ser contida por meio da ado\u00e7\u00e3o de uma regra similar \u00e0 proposta pelo governo federal\u201d, defendeu o organismo internacional.<\/p>\n<p>Previd\u00eancia e trabalho<\/p>\n<p>Com rela\u00e7\u00e3o \u00e0 Previd\u00eancia Social, o FMI defendeu uma reforma ampla, incluindo a modifica\u00e7\u00e3o das regras para idade. \u201cNo interesse da prud\u00eancia fiscal, bem como da equidade e justi\u00e7a, a reforma deveria abranger os regimes para empregados do setor p\u00fablico em todos os n\u00edveis do governo\u201d, afirma o comunicado.<\/p>\n<p>O relat\u00f3rio diz tamb\u00e9m que, para mitigar o impacto das mudan\u00e7as sobre os pobres, o pacote de reforma deveria incluir disposi\u00e7\u00f5es destinadas a proteger os mais vulner\u00e1veis.<\/p>\n<p>O organismo \u00e9 favor\u00e1vel ainda a que o Brasil fa\u00e7a uma s\u00e9rie de reformas estruturais, incluindo a trabalhista. \u201cReformas destinadas a facilitar o emprego produtivo e reduzir incentivos \u00e0 informalidade promoveriam cria\u00e7\u00e3o de empregos, investimento e crescimento\u201d, diz o comunicado.<\/p>\n<p>Outras reformas<\/p>\n<p>Outras reformas estruturais propostas s\u00e3o mudan\u00e7as regulat\u00f3rias para tornar o programa de concess\u00f5es mais atraente a investidores, para resolver os gargalos de infraestrutura. O FMI defende tamb\u00e9m uma abertura da economia, com redu\u00e7\u00e3o de tarifas e barreiras n\u00e3o tarif\u00e1rias.<\/p>\n<p>A secret\u00e1ria do Tesouro Nacional, Ana Paula Vescovi, comentou o relat\u00f3rio do organismo internacional. Segundo ela, a divulga\u00e7\u00e3o do relat\u00f3rio foi feita com ci\u00eancia do governo brasileiro e a avalia\u00e7\u00e3o do FMI \u00e9 importante.<\/p>\n<p>\u201cDamos valor a avalia\u00e7\u00f5es externas, quer sejam de organismos internacionais, quer sejam de outros pares nacionais. [Essas avalia\u00e7\u00f5es] a judam a qualificar medidas de consolida\u00e7\u00e3o fiscal\u201d, afirmou Ana Paula, que falou sobre o assunto mais cedo, em coletiva de imprensa para divulga\u00e7\u00e3o do resultado prim\u00e1rio do Governo Central.<\/p>\n<p>Mariana Branco \u2013 Rep\u00f3rter da Ag\u00eancia Brasil<br \/>\nColaborou Wellton M\u00e1ximo<br \/>\nEdi\u00e7\u00e3o: Juliana Andrade<br \/>\n03\/10\/2016<\/p>\n","protected":false},"excerpt":{"rendered":"<p>O Fundo Monet\u00e1rio Internacional (FMI) recomendou a revis\u00e3o da f\u00f3rmula para c\u00e1lculo do sal\u00e1rio m\u00ednimo, a aprova\u00e7\u00e3o de um teto para os gastos p\u00fablicos e as reformas da Previd\u00eancia e trabalhista no Brasil. O organismo internacional divulgou declara\u00e7\u00e3o na qual analisa a situa\u00e7\u00e3o da economia brasileira ap\u00f3s miss\u00e3o oficial ao pa\u00eds. \u201cA f\u00f3rmula para as [&hellip;]<\/p>\n","protected":false},"author":2,"featured_media":57583,"comment_status":"open","ping_status":"closed","sticky":false,"template":"","format":"standard","meta":{"_genesis_hide_title":false,"_genesis_hide_breadcrumbs":false,"_genesis_hide_singular_image":false,"_genesis_hide_footer_widgets":false,"_genesis_custom_body_class":"","_genesis_custom_post_class":"","_genesis_layout":"","_jetpack_memberships_contains_paid_content":false,"footnotes":""},"categories":[22,7],"tags":[],"class_list":{"0":"post-96535","1":"post","2":"type-post","3":"status-publish","4":"format-standard","5":"has-post-thumbnail","7":"category-brasil","8":"category-economia","9":"entry","10":"gs-1","11":"gs-odd","12":"gs-even","13":"gs-featured-content-entry"},"jetpack_featured_media_url":"https:\/\/www.redenoticia.com.br\/noticia\/imagens\/economia-grafico.jpg","jetpack_sharing_enabled":true,"jetpack_likes_enabled":true,"_links":{"self":[{"href":"https:\/\/www.redenoticia.com.br\/noticia\/wp-json\/wp\/v2\/posts\/96535","targetHints":{"allow":["GET"]}}],"collection":[{"href":"https:\/\/www.redenoticia.com.br\/noticia\/wp-json\/wp\/v2\/posts"}],"about":[{"href":"https:\/\/www.redenoticia.com.br\/noticia\/wp-json\/wp\/v2\/types\/post"}],"author":[{"embeddable":true,"href":"https:\/\/www.redenoticia.com.br\/noticia\/wp-json\/wp\/v2\/users\/2"}],"replies":[{"embeddable":true,"href":"https:\/\/www.redenoticia.com.br\/noticia\/wp-json\/wp\/v2\/comments?post=96535"}],"version-history":[{"count":0,"href":"https:\/\/www.redenoticia.com.br\/noticia\/wp-json\/wp\/v2\/posts\/96535\/revisions"}],"wp:featuredmedia":[{"embeddable":true,"href":"https:\/\/www.redenoticia.com.br\/noticia\/wp-json\/wp\/v2\/media\/57583"}],"wp:attachment":[{"href":"https:\/\/www.redenoticia.com.br\/noticia\/wp-json\/wp\/v2\/media?parent=96535"}],"wp:term":[{"taxonomy":"category","embeddable":true,"href":"https:\/\/www.redenoticia.com.br\/noticia\/wp-json\/wp\/v2\/categories?post=96535"},{"taxonomy":"post_tag","embeddable":true,"href":"https:\/\/www.redenoticia.com.br\/noticia\/wp-json\/wp\/v2\/tags?post=96535"}],"curies":[{"name":"wp","href":"https:\/\/api.w.org\/{rel}","templated":true}]}}