{"id":96529,"date":"2016-10-03T06:27:51","date_gmt":"2016-10-03T09:27:51","guid":{"rendered":"http:\/\/www.redenoticia.com.br\/noticia\/?p=96529"},"modified":"2016-10-01T20:29:08","modified_gmt":"2016-10-01T23:29:08","slug":"pesquisadores-apresentam-projecoes-para-extremos-climaticos-no-sudeste-brasileiro","status":"publish","type":"post","link":"https:\/\/www.redenoticia.com.br\/noticia\/2016\/pesquisadores-apresentam-projecoes-para-extremos-climaticos-no-sudeste-brasileiro\/96529","title":{"rendered":"Pesquisadores apresentam proje\u00e7\u00f5es para extremos clim\u00e1ticos no Sudeste brasileiro"},"content":{"rendered":"<p> Diego Freire \u00a0| \u00a0Ag\u00eancia FAPESP \u2013 Os \u00faltimos relat\u00f3rios do Painel Intergovernamental sobre <em><strong>Mudan\u00e7as Clim\u00e1ticas<\/strong><\/em> (IPCC, na sigla em ingl\u00eas) j\u00e1 indicavam que uma das consequ\u00eancias da eleva\u00e7\u00e3o da temperatura m\u00e9dia global \u00e9 o aumento da variabilidade clim\u00e1tica, particularmente o aumento da frequ\u00eancia de extremos, relacionados tanto ao calor e ao frio como \u00e0 ocorr\u00eancia de inunda\u00e7\u00f5es ou secas.<\/p>\n<p>\u00c9 nesse cen\u00e1rio que se inscreve a seca que vem ocorrendo no Sudeste brasileiro desde o in\u00edcio do ver\u00e3o de 2014 e outros extremos clim\u00e1ticos, eventos monitorados e estudados no Instituto Nacional de Ci\u00eancia e Tecnologia para Mudan\u00e7as Clim\u00e1ticas (INCT-MC), financiado pelo Conselho Nacional de Desenvolvimento Cient\u00edfico e Tecnol\u00f3gico (CNPq) e pela FAPESP. De acordo com pesquisadores do Instituto Nacional de Pesquisas Espaciais (Inpe) e do Centro Nacional de Monitoramento e Alertas de Desastres Naturais (Cemaden), ligados ao INCT-MC, a tend\u00eancia \u00e9 o aumento generalizado dos eventos de precipita\u00e7\u00e3o intensa e de seca extrema em algumas regi\u00f5es, particularmente no Sul e no Sudeste do Brasil.<\/p>\n<p>As an\u00e1lises foram apresentadas durante a Confer\u00eancia Internacional do INCT para Mudan\u00e7as Clim\u00e1ticas, realizada pelo Inpe e pelo Cemaden de 28 a 30 de setembro, em S\u00e3o Paulo (SP), com a participa\u00e7\u00e3o de pesquisadores de algumas das 108 institui\u00e7\u00f5es brasileiras e estrangeiras que integram o INCT-MC.<\/p>\n<p>\u201cCen\u00e1rios clim\u00e1ticos est\u00e3o sendo produzidos para a Am\u00e9rica do Sul ao longo do s\u00e9culo 21 e sugerem que as mudan\u00e7as clim\u00e1ticas e seus impactos t\u00eam varia\u00e7\u00e3o regional. As proje\u00e7\u00f5es indicam que \u00e1reas do norte do continente americano experimentar\u00e3o defici\u00eancia de chuvas, enquanto \u00e1reas no sudeste dever\u00e3o registrar aumento\u201d, disse Tercio Ambrizzi, do Instituto de Astronomia, Geof\u00edsica e Ci\u00eancias Atmosf\u00e9ricas (IAG) da Universidade de S\u00e3o Paulo (USP).<\/p>\n<p>Ambrizzi apresentou na ocasi\u00e3o a palestra \u201cObserva\u00e7\u00f5es e atribui\u00e7\u00e3o de causas da variabilidade e extremos clim\u00e1ticos\u201d, apontando esfor\u00e7os do INCT-MC na \u00e1rea.<\/p>\n<p>\u201cO \u00faltimo relat\u00f3rio do IPCC indica a ocorr\u00eancia inequ\u00edvoca do aquecimento global e apresenta novas evid\u00eancias sobre a real contribui\u00e7\u00e3o humana para o agravamento do efeito estufa. A detec\u00e7\u00e3o da mudan\u00e7a clim\u00e1tica \u00e9\u00c2\u00c2\u0081 um processo que demonstra que o clima tem mudado baseado em algum m\u00e9todo estat\u00edstico sem, entretanto, discutir as causas desta mudan\u00e7a. A atribui\u00e7\u00e3o de justificativas da mudan\u00e7a clim\u00e1tica \u00e9\u00c2\u00c2\u0081 o processo que estabelece a mais prov\u00e1vel causa da mudan\u00e7a detectada com um determinado n\u00edvel de confian\u00e7a\u201d, explicou.<\/p>\n<p>Em rela\u00e7\u00e3o \u00e0 seca no Sudeste, foram avaliadas pelos pesquisadores do INCT-MC as caracter\u00edsticas din\u00e2micas e sin\u00f3ticas (relacionadas \u00e0 observa\u00e7\u00e3o de fen\u00f4menos clim\u00e1ticos e meteorol\u00f3gicos de grande escala, como depress\u00f5es, ciclones e anticiclones) de per\u00edodos extremos na regi\u00e3o e sua rela\u00e7\u00e3o com a temperatura da superf\u00edcie do mar (TSM) do Atl\u00e2ntico Sul.<\/p>\n<p>Proje\u00e7\u00f5es de mudan\u00e7as nos ciclones extratropicais em experimentos de aquecimento global considerando v\u00e1rios cen\u00e1rios de emiss\u00f5es de gases do efeito estufa sugerem que as regi\u00f5es de ciclog\u00eanese (onde h\u00e1 desenvolvimento ou fortalecimento de uma circula\u00e7\u00e3o cicl\u00f4nica na atmosfera) pr\u00f3ximas \u00e0 costa sul do Brasil tender\u00e3o a se mover mais para o sul no per\u00edodo entre 2071 e 2085. Esse resultado poder\u00e1 afetar os padr\u00f5es de bloqueios atmosf\u00e9ricos sobre os subtr\u00f3picos, as zonas da Terra imediatamente ao norte e ao sul da zona tropical, tendo o potencial de causar secas em v\u00e1rias regi\u00f5es agr\u00edcolas do pa\u00eds.<\/p>\n<p>\u201cA rela\u00e7\u00e3o dos eventos extremos secos no Sudeste do Brasil que ocorrem nas esta\u00e7\u00f5es de outono, inverno e primavera com anomalias de temperatura da superf\u00edcie do mar no Atl\u00e2ntico Sul ainda n\u00e3o \u00e9 bem entendida. Dessa forma, realizou-se um trabalho de detec\u00e7\u00e3o em que foram determinadas datas desses eventos para cinco regi\u00f5es, no per\u00edodo de 1982 a 2009. As caracter\u00edsticas sin\u00f3ticas e din\u00e2micas desses per\u00edodos foram investigadas por meio da an\u00e1lise das anomalias de TSM, das fontes de umidade, do comportamento das frentes frias na Am\u00e9rica do Sul e de outros elementos\u201d, contou Ambrizzi.<\/p>\n<p>O inverno foi a esta\u00e7\u00e3o que registrou maior n\u00famero de eventos secos, seguido do outono e da primavera. As \u00e1reas localizadas na por\u00e7\u00e3o norte da regi\u00e3o Sudeste foram as que apresentaram o maior n\u00famero de eventos, sendo tamb\u00e9m os mais longos, chegando a 117 dias. J\u00e1 as regi\u00f5es da por\u00e7\u00e3o sul foram caracterizadas por menos eventos e por per\u00edodos mais curtos, de, no m\u00e1ximo, 30 dias. A \u00e1rea localizada no centro da regi\u00e3o Sudeste se caracterizou por ser uma zona de transi\u00e7\u00e3o.<\/p>\n<p>Ainda de acordo com as pesquisas, as frentes frias tendem a ficar concentradas no sul da Am\u00e9rica do Sul.<\/p>\n<p>Temas integradores<\/p>\n<p>A Confer\u00eancia Internacional do INCT para Mudan\u00e7as Clim\u00e1ticas, que se encerra hoje (30\/09), conta ainda com apresenta\u00e7\u00f5es de pesquisas e proje\u00e7\u00f5es nas \u00e1reas de emiss\u00f5es de gases do efeito estufa, zonas costeiras e oceanos, desastres naturais, biodiversidade, sa\u00fade e seguran\u00e7a energ\u00e9tica, h\u00eddrica e alimentar, entre outros.<\/p>\n<p>\u201cTrata-se de um ambicioso empreendimento cient\u00edfico criado para prover informa\u00e7\u00f5es de alta qualidade e relev\u00e2ncia, imprescind\u00edveis para que o Brasil cumpra os objetivos do seu Plano Nacional sobre Mudan\u00e7a do Clima\u201d, disse Carlos Afonso Nobre, coordenador do INCT-MC, na cerim\u00f4nia de abertura do evento, que contou com confer\u00eancia magna de Marina Silva, ex-senadora e ex-ministra do Meio Ambiente.<\/p>\n<p>Tamb\u00e9m participaram da cerim\u00f4nia Ricardo Magnus Os\u00f3rio Galv\u00e3o, diretor do Inpe; Osvaldo Luiz Leal de Moraes, diretor do Cemaden; Jos\u00e9 Antonio Marengo, chefe da Divis\u00e3o de Pesquisas do Cemaden; Reynaldo Luiz Victoria, coordenador do Programa FAPESP de Pesquisa sobre Mudan\u00e7as Clim\u00e1ticas Globais (PFPMCG); Roberto Muniz Barretto de Carvalho, do Conselho Nacional de Desenvolvimento Cient\u00edfico e Tecnol\u00f3gico (CNPq); M\u00e1rcio Rojas, do Minist\u00e9rio da Ci\u00eancia, Tecnologia, Inova\u00e7\u00f5es e Comunica\u00e7\u00f5es (MCTIC); e Moacyr Cunha Araujo Filho, coordenador da Rede Clima.<\/p>\n<p>Mais informa\u00e7\u00f5es em .<\/p>\n","protected":false},"excerpt":{"rendered":"<p>Diego Freire \u00a0| \u00a0Ag\u00eancia FAPESP \u2013 Os \u00faltimos relat\u00f3rios do Painel Intergovernamental sobre Mudan\u00e7as Clim\u00e1ticas (IPCC, na sigla em ingl\u00eas) j\u00e1 indicavam que uma das consequ\u00eancias da eleva\u00e7\u00e3o da temperatura m\u00e9dia global \u00e9 o aumento da variabilidade clim\u00e1tica, particularmente o aumento da frequ\u00eancia de extremos, relacionados tanto ao calor e ao frio como \u00e0 ocorr\u00eancia [&hellip;]<\/p>\n","protected":false},"author":2,"featured_media":26302,"comment_status":"open","ping_status":"closed","sticky":false,"template":"","format":"standard","meta":{"_genesis_hide_title":false,"_genesis_hide_breadcrumbs":false,"_genesis_hide_singular_image":false,"_genesis_hide_footer_widgets":false,"_genesis_custom_body_class":"","_genesis_custom_post_class":"","_genesis_layout":"","_jetpack_memberships_contains_paid_content":false,"footnotes":""},"categories":[22],"tags":[],"class_list":{"0":"post-96529","1":"post","2":"type-post","3":"status-publish","4":"format-standard","5":"has-post-thumbnail","7":"category-brasil","8":"entry","9":"gs-1","10":"gs-odd","11":"gs-even","12":"gs-featured-content-entry"},"jetpack_featured_media_url":"https:\/\/www.redenoticia.com.br\/noticia\/imagens\/previsao-tempo-clima-temperatura-.jpg","jetpack_sharing_enabled":true,"jetpack_likes_enabled":true,"_links":{"self":[{"href":"https:\/\/www.redenoticia.com.br\/noticia\/wp-json\/wp\/v2\/posts\/96529","targetHints":{"allow":["GET"]}}],"collection":[{"href":"https:\/\/www.redenoticia.com.br\/noticia\/wp-json\/wp\/v2\/posts"}],"about":[{"href":"https:\/\/www.redenoticia.com.br\/noticia\/wp-json\/wp\/v2\/types\/post"}],"author":[{"embeddable":true,"href":"https:\/\/www.redenoticia.com.br\/noticia\/wp-json\/wp\/v2\/users\/2"}],"replies":[{"embeddable":true,"href":"https:\/\/www.redenoticia.com.br\/noticia\/wp-json\/wp\/v2\/comments?post=96529"}],"version-history":[{"count":0,"href":"https:\/\/www.redenoticia.com.br\/noticia\/wp-json\/wp\/v2\/posts\/96529\/revisions"}],"wp:featuredmedia":[{"embeddable":true,"href":"https:\/\/www.redenoticia.com.br\/noticia\/wp-json\/wp\/v2\/media\/26302"}],"wp:attachment":[{"href":"https:\/\/www.redenoticia.com.br\/noticia\/wp-json\/wp\/v2\/media?parent=96529"}],"wp:term":[{"taxonomy":"category","embeddable":true,"href":"https:\/\/www.redenoticia.com.br\/noticia\/wp-json\/wp\/v2\/categories?post=96529"},{"taxonomy":"post_tag","embeddable":true,"href":"https:\/\/www.redenoticia.com.br\/noticia\/wp-json\/wp\/v2\/tags?post=96529"}],"curies":[{"name":"wp","href":"https:\/\/api.w.org\/{rel}","templated":true}]}}