{"id":9639,"date":"2009-08-24T18:08:42","date_gmt":"2009-08-24T22:08:42","guid":{"rendered":"http:\/\/www.redenoticia.com.br\/noticia\/?p=9639"},"modified":"2009-08-24T20:24:08","modified_gmt":"2009-08-25T00:24:08","slug":"procuradoria-regional-eleitoral-de-rondonia-pede-cassacao-do-governador-ivo-cassol","status":"publish","type":"post","link":"https:\/\/www.redenoticia.com.br\/noticia\/2009\/procuradoria-regional-eleitoral-de-rondonia-pede-cassacao-do-governador-ivo-cassol\/9639","title":{"rendered":"Procuradoria Regional Eleitoral de Rond\u00f4nia pede cassa\u00e7\u00e3o do governador Ivo Cassol"},"content":{"rendered":"<p>A Procuradoria Regional Eleitoral de Rond\u00f4nia ingressou na \u00faltima sexta-feira, no Tribunal Regional Eleitoral (TRE), com um pedido de decreta\u00e7\u00e3o da perda do mandato do governador de Rond\u00f4nia, Ivo Narciso Cassol, por infidelidade partid\u00e1ria. Ao sair do Partido Popular Socialista (PPS) e se filiar ao Partido Progressista (PP), Cassol deixou de cumprir os requisitos legais da Justi\u00e7a Eleitoral.<\/p>\n<p>Na sess\u00e3o do \u00faltimo dia 20, o TRE decidiu que a sa\u00edda do governador dos quadros do PPS se deu a partir de 11 de maio deste ano, data em que ele cumpriu os requisitos previstos na legisla\u00e7\u00e3o eleitoral na Justi\u00e7a Eleitoral de Rolim de Moura. Ivo Cassol havia recorrido de uma decis\u00e3o em primeira inst\u00e2ncia, mas o TRE negou o pedido. Desta forma, ele continuava filiado ao PPS, constando na lista do partido apresentada \u00e0 Justi\u00e7a Eleitoral at\u00e9 11 de maio. Para a Procuradoria Regional Eleitoral, Ivo Narciso Cassol abandonou o partido em que estava, fato que configura infidelidade partid\u00e1ria.<\/p>\n<p>O procurador regional eleitoral Heitor Alves Soares pediu ao TRE a \u201cdecreta\u00e7\u00e3o da perda de cargo eletivo em decorr\u00eancia de desfilia\u00e7\u00e3o partid\u00e1ria\u201d, argumentando descumprimento da Resolu\u00e7\u00e3o n. 22.610\/07, do Tribunal Superior Eleitoral.<\/p>\n","protected":false},"excerpt":{"rendered":"<p>A Procuradoria Regional Eleitoral de Rond\u00f4nia ingressou na \u00faltima sexta-feira, no Tribunal Regional Eleitoral (TRE), com um pedido de decreta\u00e7\u00e3o da perda do mandato do governador de Rond\u00f4nia, Ivo Narciso Cassol, por infidelidade partid\u00e1ria. Ao sair do Partido Popular Socialista (PPS) e se filiar ao Partido Progressista (PP), Cassol deixou de cumprir os requisitos legais [&hellip;]<\/p>\n","protected":false},"author":2,"featured_media":0,"comment_status":"open","ping_status":"open","sticky":false,"template":"","format":"standard","meta":{"_genesis_hide_title":false,"_genesis_hide_breadcrumbs":false,"_genesis_hide_singular_image":false,"_genesis_hide_footer_widgets":false,"_genesis_custom_body_class":"","_genesis_custom_post_class":"","_genesis_layout":"","_jetpack_memberships_contains_paid_content":false,"footnotes":""},"categories":[22],"tags":[],"class_list":{"0":"post-9639","1":"post","2":"type-post","3":"status-publish","4":"format-standard","6":"category-brasil","7":"entry","8":"gs-1","9":"gs-odd","10":"gs-even","11":"gs-featured-content-entry"},"jetpack_featured_media_url":"","jetpack_sharing_enabled":true,"jetpack_likes_enabled":true,"_links":{"self":[{"href":"https:\/\/www.redenoticia.com.br\/noticia\/wp-json\/wp\/v2\/posts\/9639","targetHints":{"allow":["GET"]}}],"collection":[{"href":"https:\/\/www.redenoticia.com.br\/noticia\/wp-json\/wp\/v2\/posts"}],"about":[{"href":"https:\/\/www.redenoticia.com.br\/noticia\/wp-json\/wp\/v2\/types\/post"}],"author":[{"embeddable":true,"href":"https:\/\/www.redenoticia.com.br\/noticia\/wp-json\/wp\/v2\/users\/2"}],"replies":[{"embeddable":true,"href":"https:\/\/www.redenoticia.com.br\/noticia\/wp-json\/wp\/v2\/comments?post=9639"}],"version-history":[{"count":0,"href":"https:\/\/www.redenoticia.com.br\/noticia\/wp-json\/wp\/v2\/posts\/9639\/revisions"}],"wp:attachment":[{"href":"https:\/\/www.redenoticia.com.br\/noticia\/wp-json\/wp\/v2\/media?parent=9639"}],"wp:term":[{"taxonomy":"category","embeddable":true,"href":"https:\/\/www.redenoticia.com.br\/noticia\/wp-json\/wp\/v2\/categories?post=9639"},{"taxonomy":"post_tag","embeddable":true,"href":"https:\/\/www.redenoticia.com.br\/noticia\/wp-json\/wp\/v2\/tags?post=9639"}],"curies":[{"name":"wp","href":"https:\/\/api.w.org\/{rel}","templated":true}]}}