{"id":96197,"date":"2016-09-28T06:43:09","date_gmt":"2016-09-28T09:43:09","guid":{"rendered":"http:\/\/www.redenoticia.com.br\/noticia\/?p=96197"},"modified":"2016-09-27T17:44:05","modified_gmt":"2016-09-27T20:44:05","slug":"cartoes-de-lojas-e-emprestimos-elevam-inadimplencia-em-27-capitais","status":"publish","type":"post","link":"https:\/\/www.redenoticia.com.br\/noticia\/2016\/cartoes-de-lojas-e-emprestimos-elevam-inadimplencia-em-27-capitais\/96197","title":{"rendered":"Cart\u00f5es de lojas e empr\u00e9stimos elevam inadimpl\u00eancia em 27 capitais"},"content":{"rendered":"<p> De acordo com o levantamento, sete em cada dez (76,1%) entrevistados que contrataram algum empr\u00e9stimo est\u00e3o <strong><em>inadimplentes<\/em><\/strong> porque n\u00e3o pagaram as parcelas em dia. As compras feitas no cart\u00e3o de loja aparecem logo em seguida, deixando 73,1% dos seus usu\u00e1rios com o nome no cadastro de devedores.<\/p>\n<p>Os percentuais se mantiveram est\u00e1veis na compara\u00e7\u00e3o com o ano passado (74,5% para empr\u00e9stimos e 74,6% para cart\u00f5es de loja), mas apresentaram alta na compara\u00e7\u00e3o com 2014, quando a crise econ\u00f4mica ainda n\u00e3o havia atingido o seu auge, informou o SPC Brasil.<\/p>\n<p>Pagamentos atrasados no credi\u00e1rio ou carn\u00ea (62,5%), as parcelas pendentes no cart\u00e3o de cr\u00e9dito (62,1%) e o cheque especial (46,9%) v\u00eam em seguida como as modalidades de cr\u00e9dito que mais levaram os entrevistados \u00e0 inadimpl\u00eancia.<\/p>\n<p>Essas duas \u00faltimas modalidades mostraram queda significativa frente a 2015, quando as percentuais haviam sido de 73,6% para o cart\u00e3o de cr\u00e9dito e de 67,8% para o cheque especial.<\/p>\n<p>O estudo revela, ainda, que muitos est\u00e3o com restri\u00e7\u00e3o ao cr\u00e9dito porque deixaram de pagar em dia contas com algum tipo de servi\u00e7o. Neste caso, a principal conta respons\u00e1vel por deixar os consumidores com o nome sujo \u00e9 a de telefone fixo e celular, citada por 14,7% dos entrevistados que possuem esse tipo de compromisso (em 2015, o percentual de atrasos era de 21,7%).<\/p>\n<p>Em segundo lugar, aparecem as pend\u00eancias com mensalidades escolares, citadas por 9,1% dos entrevistados (em 2015 eram 16%).<\/p>\n<p>Atrasos junto \u00e0s operadoras de TV por assinatura (7,1%), plano de sa\u00fade (6,8%), contas de \u00e1gua e luz (6,1%), aluguel (2,2%) e mensalidade do condom\u00ednio (2,2%) completam o ranking dos vil\u00f5es da inadimpl\u00eancia, quando se tratam das d\u00edvidas n\u00e3o banc\u00e1rias.<\/p>\n<p>Or\u00e7amento familiar<\/p>\n<p>Embora a inadimpl\u00eancia apresente patamar elevado em alguns tipos de d\u00edvidas, o consumidor brasileiro est\u00e1 evitando assumir novos compromissos financeiros. A pesquisa do SPC Brasil mostrou queda no percentual de inadimplentes que admitiram ter contas assumidas frente a 2015, estivessem elas em dia ou em atraso, em praticamente todos os compromissos pesquisados.<\/p>\n<p>Dentre as d\u00edvidas banc\u00e1rias, o maior recuo foi observado no cart\u00e3o de cr\u00e9dito. Em 2014, 69,9% dos inadimplentes entrevistados tinham essa modalidade de conta como um compromisso fixo do seu or\u00e7amento &#8211; estivessem elas atrasadas ou n\u00e3o -, percentual que recuou para 57,5% em 2015 e agora caiu ainda mais para 40,4% em 2016.<\/p>\n<p>Tamb\u00e9m houve recuo do cart\u00e3o de loja: de 61,2% em 2014 para 55,2% em 2015 e finalmente para 47,5% em 2016. A \u00fanica d\u00edvida banc\u00e1ria que aumentou a sua incid\u00eancia entre os inadimplentes na compara\u00e7\u00e3o frente ao ano passado foi o financiamento de autom\u00f3vel, que passou de 10% em 2015 para 12,8%.<\/p>\n<p>No setor de servi\u00e7os tamb\u00e9m foi observada uma redu\u00e7\u00e3o na quantidade de compromissos assumidos. O percentual de consumidores inadimplentes que destinam parte de seus rendimentos para pagar contas de \u00e1gua e luz caiu de 65,0% em 2015 para 57,6% em 2016.<\/p>\n<p>O mesmo aconteceu com os entrevistados que t\u00eam despesas fixas com contas de telefone (de 50,7% para 41,9% em um ano), aluguel (de 25,3% para 22,8%), mensalidade de plano de sa\u00fade (de 18,2% para 12,1%) e compromissos escolares, como col\u00e9gio ou faculdade (de 15,7% para 9,1%).<\/p>\n<p>A pesquisa ouviu 602 consumidores inadimplentes, acima de 18 anos e de todas as classes sociais em 27 capitais brasileiras. A margem de erro \u00e9 de 4 pontos percentuais com margem de confian\u00e7a a 95%.<\/p>\n<p>Da Ag\u00eancia Brasil<br \/>\nEdi\u00e7\u00e3o: Kleber Sampaio<br \/>\n28\/09\/2016 <\/p>\n","protected":false},"excerpt":{"rendered":"<p>De acordo com o levantamento, sete em cada dez (76,1%) entrevistados que contrataram algum empr\u00e9stimo est\u00e3o inadimplentes porque n\u00e3o pagaram as parcelas em dia. As compras feitas no cart\u00e3o de loja aparecem logo em seguida, deixando 73,1% dos seus usu\u00e1rios com o nome no cadastro de devedores. Os percentuais se mantiveram est\u00e1veis na compara\u00e7\u00e3o com [&hellip;]<\/p>\n","protected":false},"author":2,"featured_media":35203,"comment_status":"open","ping_status":"closed","sticky":false,"template":"","format":"standard","meta":{"_genesis_hide_title":false,"_genesis_hide_breadcrumbs":false,"_genesis_hide_singular_image":false,"_genesis_hide_footer_widgets":false,"_genesis_custom_body_class":"","_genesis_custom_post_class":"","_genesis_layout":"","_jetpack_memberships_contains_paid_content":false,"footnotes":""},"categories":[22,7],"tags":[],"class_list":{"0":"post-96197","1":"post","2":"type-post","3":"status-publish","4":"format-standard","5":"has-post-thumbnail","7":"category-brasil","8":"category-economia","9":"entry","10":"gs-1","11":"gs-odd","12":"gs-even","13":"gs-featured-content-entry"},"jetpack_featured_media_url":"https:\/\/www.redenoticia.com.br\/noticia\/imagens\/cartao-credito.jpg","jetpack_sharing_enabled":true,"jetpack_likes_enabled":true,"_links":{"self":[{"href":"https:\/\/www.redenoticia.com.br\/noticia\/wp-json\/wp\/v2\/posts\/96197","targetHints":{"allow":["GET"]}}],"collection":[{"href":"https:\/\/www.redenoticia.com.br\/noticia\/wp-json\/wp\/v2\/posts"}],"about":[{"href":"https:\/\/www.redenoticia.com.br\/noticia\/wp-json\/wp\/v2\/types\/post"}],"author":[{"embeddable":true,"href":"https:\/\/www.redenoticia.com.br\/noticia\/wp-json\/wp\/v2\/users\/2"}],"replies":[{"embeddable":true,"href":"https:\/\/www.redenoticia.com.br\/noticia\/wp-json\/wp\/v2\/comments?post=96197"}],"version-history":[{"count":0,"href":"https:\/\/www.redenoticia.com.br\/noticia\/wp-json\/wp\/v2\/posts\/96197\/revisions"}],"wp:featuredmedia":[{"embeddable":true,"href":"https:\/\/www.redenoticia.com.br\/noticia\/wp-json\/wp\/v2\/media\/35203"}],"wp:attachment":[{"href":"https:\/\/www.redenoticia.com.br\/noticia\/wp-json\/wp\/v2\/media?parent=96197"}],"wp:term":[{"taxonomy":"category","embeddable":true,"href":"https:\/\/www.redenoticia.com.br\/noticia\/wp-json\/wp\/v2\/categories?post=96197"},{"taxonomy":"post_tag","embeddable":true,"href":"https:\/\/www.redenoticia.com.br\/noticia\/wp-json\/wp\/v2\/tags?post=96197"}],"curies":[{"name":"wp","href":"https:\/\/api.w.org\/{rel}","templated":true}]}}