{"id":96195,"date":"2016-09-28T06:41:43","date_gmt":"2016-09-28T09:41:43","guid":{"rendered":"http:\/\/www.redenoticia.com.br\/noticia\/?p=96195"},"modified":"2016-09-27T17:43:06","modified_gmt":"2016-09-27T20:43:06","slug":"bc-mantem-estimativa-de-queda-da-economia-em-33-este-ano","status":"publish","type":"post","link":"https:\/\/www.redenoticia.com.br\/noticia\/2016\/bc-mantem-estimativa-de-queda-da-economia-em-33-este-ano\/96195","title":{"rendered":"BC mant\u00e9m estimativa de queda da economia em 3,3% este ano"},"content":{"rendered":"<p> O Banco Central (BC) manteve a <strong><em>expectativa de queda da economia<\/em><\/strong> este ano. De acordo com o Relat\u00f3rio Trimestral de Infla\u00e7\u00e3o, divulgado em Bras\u00edlia, o Produto Interno Bruto (PIB), soma de todos os bens e servi\u00e7os produzidos, deve apresentar retra\u00e7\u00e3o de 3,3%. Para 2017, o BC estima recupera\u00e7\u00e3o da economia com crescimento de 1,3%.<\/p>\n<p>Neste ano, a expectativa para a produ\u00e7\u00e3o agropecu\u00e1ria \u00e9 de recuo de 2,2%, ante a proje\u00e7\u00e3o de queda de 1,1%, divulgada em junho. O c\u00e1lculo para a retra\u00e7\u00e3o da ind\u00fastria passou de 4,6% para 3,3%. A estimativa para o recuo do setor de com\u00e9rcio e servi\u00e7os em 2016 passou de 2,4% para 2,7%.<\/p>\n<p>O BC tamb\u00e9m projeta recuo de 4,4% para o consumo das fam\u00edlias, com piora de 0,4 ponto percentual. A proje\u00e7\u00e3o para a queda do consumo do governo ficou em 1,3%, em 2016. O recuo na Forma\u00e7\u00e3o Bruta de Capital Fixo (investimentos) passou de 11,6% para 8,7%.<\/p>\n<p>Aumento dos investimentos<\/p>\n<p>Em 2017, o BC espera por aumento dos investimentos, com proje\u00e7\u00e3o de crescimento de 4% na forma\u00e7\u00e3o bruta de capital fixo.<\/p>\n<p>O BC considera ainda que as estimativas para o consumo das fam\u00edlias e do governo est\u00e3o mais moderadas, com 0,8% e 0,5%, respectivamente. Segundo o BC, essas estimativas s\u00e3o \u201cconsistentes com o cen\u00e1rio de recupera\u00e7\u00e3o dos indicadores de confian\u00e7a e de consolida\u00e7\u00e3o do ajuste fiscal em curso\u201d.<\/p>\n<p>Kelly Oliveira &#8211; Rep\u00f3rter da Ag\u00eancia Brasil<br \/>\nEdi\u00e7\u00e3o: Kleber Sampaio<br \/>\n28\/09\/2016<\/p>\n","protected":false},"excerpt":{"rendered":"<p>O Banco Central (BC) manteve a expectativa de queda da economia este ano. De acordo com o Relat\u00f3rio Trimestral de Infla\u00e7\u00e3o, divulgado em Bras\u00edlia, o Produto Interno Bruto (PIB), soma de todos os bens e servi\u00e7os produzidos, deve apresentar retra\u00e7\u00e3o de 3,3%. Para 2017, o BC estima recupera\u00e7\u00e3o da economia com crescimento de 1,3%. Neste [&hellip;]<\/p>\n","protected":false},"author":2,"featured_media":38938,"comment_status":"open","ping_status":"closed","sticky":false,"template":"","format":"standard","meta":{"_genesis_hide_title":false,"_genesis_hide_breadcrumbs":false,"_genesis_hide_singular_image":false,"_genesis_hide_footer_widgets":false,"_genesis_custom_body_class":"","_genesis_custom_post_class":"","_genesis_layout":"","_jetpack_memberships_contains_paid_content":false,"footnotes":""},"categories":[22,7],"tags":[],"class_list":{"0":"post-96195","1":"post","2":"type-post","3":"status-publish","4":"format-standard","5":"has-post-thumbnail","7":"category-brasil","8":"category-economia","9":"entry","10":"gs-1","11":"gs-odd","12":"gs-even","13":"gs-featured-content-entry"},"jetpack_featured_media_url":"https:\/\/www.redenoticia.com.br\/noticia\/imagens\/economia1.jpg","jetpack_sharing_enabled":true,"jetpack_likes_enabled":true,"_links":{"self":[{"href":"https:\/\/www.redenoticia.com.br\/noticia\/wp-json\/wp\/v2\/posts\/96195","targetHints":{"allow":["GET"]}}],"collection":[{"href":"https:\/\/www.redenoticia.com.br\/noticia\/wp-json\/wp\/v2\/posts"}],"about":[{"href":"https:\/\/www.redenoticia.com.br\/noticia\/wp-json\/wp\/v2\/types\/post"}],"author":[{"embeddable":true,"href":"https:\/\/www.redenoticia.com.br\/noticia\/wp-json\/wp\/v2\/users\/2"}],"replies":[{"embeddable":true,"href":"https:\/\/www.redenoticia.com.br\/noticia\/wp-json\/wp\/v2\/comments?post=96195"}],"version-history":[{"count":0,"href":"https:\/\/www.redenoticia.com.br\/noticia\/wp-json\/wp\/v2\/posts\/96195\/revisions"}],"wp:featuredmedia":[{"embeddable":true,"href":"https:\/\/www.redenoticia.com.br\/noticia\/wp-json\/wp\/v2\/media\/38938"}],"wp:attachment":[{"href":"https:\/\/www.redenoticia.com.br\/noticia\/wp-json\/wp\/v2\/media?parent=96195"}],"wp:term":[{"taxonomy":"category","embeddable":true,"href":"https:\/\/www.redenoticia.com.br\/noticia\/wp-json\/wp\/v2\/categories?post=96195"},{"taxonomy":"post_tag","embeddable":true,"href":"https:\/\/www.redenoticia.com.br\/noticia\/wp-json\/wp\/v2\/tags?post=96195"}],"curies":[{"name":"wp","href":"https:\/\/api.w.org\/{rel}","templated":true}]}}