{"id":96193,"date":"2016-09-28T06:39:53","date_gmt":"2016-09-28T09:39:53","guid":{"rendered":"http:\/\/www.redenoticia.com.br\/noticia\/?p=96193"},"modified":"2016-09-27T17:41:40","modified_gmt":"2016-09-27T20:41:40","slug":"custo-da-construcao-sobe-037-em-setembro","status":"publish","type":"post","link":"https:\/\/www.redenoticia.com.br\/noticia\/2016\/custo-da-construcao-sobe-037-em-setembro\/96193","title":{"rendered":"Custo da constru\u00e7\u00e3o sobe 0,37% em setembro"},"content":{"rendered":"<p> O \u00cdndice Nacional de <strong><em>Custo da Constru\u00e7\u00e3o<\/em><\/strong> registrou taxa de varia\u00e7\u00e3o de 0,37% em setembro, resultado acima do verificado no m\u00eas anterior, de 0,26%, de acordo com o Instituto Brasileiro de Economia, da Funda\u00e7\u00e3o Getulio Vargas.<\/p>\n<p>Materiais, equipamentos e servi\u00e7os acusaram varia\u00e7\u00e3o de 0,16%. No m\u00eas anterior, a taxa havia sido de 0,26%. Dos quatro subgrupos, tr\u00eas apresentaram acr\u00e9scimo em suas taxas, destacando-se material para acabamento, que passou de -0,25% para 0,1%.<\/p>\n<p>O \u00edndice referente \u00e0 m\u00e3o de obra teve varia\u00e7\u00e3o de 0,55%. No m\u00eas anterior, a taxa foi de 0,26%. A varia\u00e7\u00e3o ocorreu devido \u00e0 primeira parcela dos reajustes salariais de Bras\u00edlia e ao in\u00edcio da capta\u00e7\u00e3o da segunda parcela do reajuste salarial de S\u00e3o Paulo, praticado em janeiro.<\/p>\n<p>O \u00cdndice de Confian\u00e7a da Constru\u00e7\u00e3o (ICST) subiu 2,1 pontos em setembro, atingindo 74,6 pontos, o maior n\u00edvel desde junho de 2015. Esta \u00e9 a terceira alta consecutiva, apesar de o indicador continuar em n\u00edveis muito baixos em termos hist\u00f3ricos. Essa alta tem rela\u00e7\u00e3o com a melhora das perspectivas no curto prazo.<\/p>\n<p>Maior n\u00edvel desde dezembro de 2014<\/p>\n<p>O \u00cdndice de Expectativas avan\u00e7ou 3,4 pontos, atingindo 84,8 pontos \u2013 maior n\u00edvel desde dezembro de 2014. A situa\u00e7\u00e3o dos neg\u00f3cios para os pr\u00f3ximos seis meses foi o que mais contribuiu para a alta do \u00edndice, com varia\u00e7\u00e3o de 5,1 pontos em rela\u00e7\u00e3o ao m\u00eas anterior.<\/p>\n<p>O \u00cdndice da Situa\u00e7\u00e3o Atual subiu 0,6 ponto, alcan\u00e7ando 64,8 pontos. Mesmo ap\u00f3s a quarta alta, o resultado continua abaixo da m\u00e9dia hist\u00f3rica. A principal contribui\u00e7\u00e3o para a alta veio da percep\u00e7\u00e3o das empresas em rela\u00e7\u00e3o \u00e0 situa\u00e7\u00e3o atual dos neg\u00f3cios, que registrou eleva\u00e7\u00e3o de 0,9 ponto em rela\u00e7\u00e3o ao m\u00eas anterior, atingindo 66,1 pontos.<\/p>\n<p>O N\u00edvel de Utiliza\u00e7\u00e3o da Capacidade do setor, em setembro, atingiu 64,8%, o equivalente a 0,3 ponto percentual acima do resultado de agosto, mostrando relativa estabiliza\u00e7\u00e3o do n\u00edvel de atividade.<\/p>\n<p>Fernanda Cruz \u2013 Rep\u00f3rter da Ag\u00eancia Brasil<br \/>\nEdi\u00e7\u00e3o: Kleber Sampaio<br \/>\n28\/09\/2016<\/p>\n","protected":false},"excerpt":{"rendered":"<p>O \u00cdndice Nacional de Custo da Constru\u00e7\u00e3o registrou taxa de varia\u00e7\u00e3o de 0,37% em setembro, resultado acima do verificado no m\u00eas anterior, de 0,26%, de acordo com o Instituto Brasileiro de Economia, da Funda\u00e7\u00e3o Getulio Vargas. Materiais, equipamentos e servi\u00e7os acusaram varia\u00e7\u00e3o de 0,16%. No m\u00eas anterior, a taxa havia sido de 0,26%. Dos quatro [&hellip;]<\/p>\n","protected":false},"author":2,"featured_media":57584,"comment_status":"open","ping_status":"closed","sticky":false,"template":"","format":"standard","meta":{"_genesis_hide_title":false,"_genesis_hide_breadcrumbs":false,"_genesis_hide_singular_image":false,"_genesis_hide_footer_widgets":false,"_genesis_custom_body_class":"","_genesis_custom_post_class":"","_genesis_layout":"","_jetpack_memberships_contains_paid_content":false,"footnotes":""},"categories":[22,7],"tags":[],"class_list":{"0":"post-96193","1":"post","2":"type-post","3":"status-publish","4":"format-standard","5":"has-post-thumbnail","7":"category-brasil","8":"category-economia","9":"entry","10":"gs-1","11":"gs-odd","12":"gs-even","13":"gs-featured-content-entry"},"jetpack_featured_media_url":"https:\/\/www.redenoticia.com.br\/noticia\/imagens\/economia-grafica-analise-inflacao.jpg","jetpack_sharing_enabled":true,"jetpack_likes_enabled":true,"_links":{"self":[{"href":"https:\/\/www.redenoticia.com.br\/noticia\/wp-json\/wp\/v2\/posts\/96193","targetHints":{"allow":["GET"]}}],"collection":[{"href":"https:\/\/www.redenoticia.com.br\/noticia\/wp-json\/wp\/v2\/posts"}],"about":[{"href":"https:\/\/www.redenoticia.com.br\/noticia\/wp-json\/wp\/v2\/types\/post"}],"author":[{"embeddable":true,"href":"https:\/\/www.redenoticia.com.br\/noticia\/wp-json\/wp\/v2\/users\/2"}],"replies":[{"embeddable":true,"href":"https:\/\/www.redenoticia.com.br\/noticia\/wp-json\/wp\/v2\/comments?post=96193"}],"version-history":[{"count":0,"href":"https:\/\/www.redenoticia.com.br\/noticia\/wp-json\/wp\/v2\/posts\/96193\/revisions"}],"wp:featuredmedia":[{"embeddable":true,"href":"https:\/\/www.redenoticia.com.br\/noticia\/wp-json\/wp\/v2\/media\/57584"}],"wp:attachment":[{"href":"https:\/\/www.redenoticia.com.br\/noticia\/wp-json\/wp\/v2\/media?parent=96193"}],"wp:term":[{"taxonomy":"category","embeddable":true,"href":"https:\/\/www.redenoticia.com.br\/noticia\/wp-json\/wp\/v2\/categories?post=96193"},{"taxonomy":"post_tag","embeddable":true,"href":"https:\/\/www.redenoticia.com.br\/noticia\/wp-json\/wp\/v2\/tags?post=96193"}],"curies":[{"name":"wp","href":"https:\/\/api.w.org\/{rel}","templated":true}]}}