{"id":96189,"date":"2016-09-28T06:35:13","date_gmt":"2016-09-28T09:35:13","guid":{"rendered":"http:\/\/www.redenoticia.com.br\/noticia\/?p=96189"},"modified":"2016-09-27T17:37:39","modified_gmt":"2016-09-27T20:37:39","slug":"movimento-paulista-alerta-para-acidentes-envolvendo-idosos","status":"publish","type":"post","link":"https:\/\/www.redenoticia.com.br\/noticia\/2016\/movimento-paulista-alerta-para-acidentes-envolvendo-idosos\/96189","title":{"rendered":"Movimento Paulista alerta para acidentes envolvendo idosos"},"content":{"rendered":"<p> O\u00a0Movimento Paulista de Seguran\u00e7a no Tr\u00e2nsito alerta: de acordo com dados do Infosiga (Sistema de Informa\u00e7\u00f5es Gerenciais de Acidentes de Tr\u00e2nsito do Estado de S\u00e3o Paulo), mil pessoas na faixa acima de 60 anos de idade morreram v\u00edtimas de <strong><em>acidentes de tr\u00e2nsito<\/em><\/strong> no Estado, em 2015.<\/p>\n<p>Somente este ano (de janeiro a agosto), ocorreram 715 mortes, das quais 320 foram v\u00edtimas de atropelamentos. Esse n\u00famero se manteve est\u00e1vel, se comparado ao mesmo per\u00edodo de 2015, com apenas duas mortes a menos em 2016. Os n\u00fameros refor\u00e7am a necessidade de observar as leis de tr\u00e2nsito.<\/p>\n<p>Em campanha de conscientiza\u00e7\u00e3o lan\u00e7ada recentemente, o Movimento Paulista de Seguran\u00e7a no Tr\u00e2nsito refor\u00e7a a import\u00e2ncia de a popula\u00e7\u00e3o rever o comportamento no tr\u00e2nsito, para redu\u00e7\u00e3o do n\u00famero de acidentes.<\/p>\n<p>Do Portal do Governo do Estado SP<br \/>\n&#8212;<\/p>\n<p>O Movimento Paulista de Seguran\u00e7a no Tr\u00e2nsito \u00e9 um programa do Governo do Estado de S\u00e3o Paulo que tem como principal objetivo reduzir pela metade as v\u00edtimas fatais nos acidentes de tr\u00e2nsito no Estado de S\u00e3o Paulo at\u00e9 2020. O programa nasceu inspirado na D\u00e9cada de A\u00e7\u00e3o Pela Seguran\u00e7a Vi\u00e1ria, per\u00edodo de 2011 a 2020 estabelecido pela Organiza\u00e7\u00e3o das Na\u00e7\u00f5es Unidas para chamar aten\u00e7\u00e3o para a quest\u00e3o da viol\u00eancia no tr\u00e2nsito.<\/p>\n","protected":false},"excerpt":{"rendered":"<p>O\u00a0Movimento Paulista de Seguran\u00e7a no Tr\u00e2nsito alerta: de acordo com dados do Infosiga (Sistema de Informa\u00e7\u00f5es Gerenciais de Acidentes de Tr\u00e2nsito do Estado de S\u00e3o Paulo), mil pessoas na faixa acima de 60 anos de idade morreram v\u00edtimas de acidentes de tr\u00e2nsito no Estado, em 2015. Somente este ano (de janeiro a agosto), ocorreram 715 [&hellip;]<\/p>\n","protected":false},"author":2,"featured_media":57582,"comment_status":"open","ping_status":"closed","sticky":false,"template":"","format":"standard","meta":{"_genesis_hide_title":false,"_genesis_hide_breadcrumbs":false,"_genesis_hide_singular_image":false,"_genesis_hide_footer_widgets":false,"_genesis_custom_body_class":"","_genesis_custom_post_class":"","_genesis_layout":"","_jetpack_memberships_contains_paid_content":false,"footnotes":""},"categories":[22],"tags":[],"class_list":{"0":"post-96189","1":"post","2":"type-post","3":"status-publish","4":"format-standard","5":"has-post-thumbnail","7":"category-brasil","8":"entry","9":"gs-1","10":"gs-odd","11":"gs-even","12":"gs-featured-content-entry"},"jetpack_featured_media_url":"https:\/\/www.redenoticia.com.br\/noticia\/imagens\/grafico1.jpg","jetpack_sharing_enabled":true,"jetpack_likes_enabled":true,"_links":{"self":[{"href":"https:\/\/www.redenoticia.com.br\/noticia\/wp-json\/wp\/v2\/posts\/96189","targetHints":{"allow":["GET"]}}],"collection":[{"href":"https:\/\/www.redenoticia.com.br\/noticia\/wp-json\/wp\/v2\/posts"}],"about":[{"href":"https:\/\/www.redenoticia.com.br\/noticia\/wp-json\/wp\/v2\/types\/post"}],"author":[{"embeddable":true,"href":"https:\/\/www.redenoticia.com.br\/noticia\/wp-json\/wp\/v2\/users\/2"}],"replies":[{"embeddable":true,"href":"https:\/\/www.redenoticia.com.br\/noticia\/wp-json\/wp\/v2\/comments?post=96189"}],"version-history":[{"count":0,"href":"https:\/\/www.redenoticia.com.br\/noticia\/wp-json\/wp\/v2\/posts\/96189\/revisions"}],"wp:featuredmedia":[{"embeddable":true,"href":"https:\/\/www.redenoticia.com.br\/noticia\/wp-json\/wp\/v2\/media\/57582"}],"wp:attachment":[{"href":"https:\/\/www.redenoticia.com.br\/noticia\/wp-json\/wp\/v2\/media?parent=96189"}],"wp:term":[{"taxonomy":"category","embeddable":true,"href":"https:\/\/www.redenoticia.com.br\/noticia\/wp-json\/wp\/v2\/categories?post=96189"},{"taxonomy":"post_tag","embeddable":true,"href":"https:\/\/www.redenoticia.com.br\/noticia\/wp-json\/wp\/v2\/tags?post=96189"}],"curies":[{"name":"wp","href":"https:\/\/api.w.org\/{rel}","templated":true}]}}