{"id":96187,"date":"2016-09-28T06:34:09","date_gmt":"2016-09-28T09:34:09","guid":{"rendered":"http:\/\/www.redenoticia.com.br\/noticia\/?p=96187"},"modified":"2016-09-27T17:35:10","modified_gmt":"2016-09-27T20:35:10","slug":"cem-lanca-plataforma-com-resultados-de-pesquisa-de-opiniao-sobre-poder-executivo","status":"publish","type":"post","link":"https:\/\/www.redenoticia.com.br\/noticia\/2016\/cem-lanca-plataforma-com-resultados-de-pesquisa-de-opiniao-sobre-poder-executivo\/96187","title":{"rendered":"CEM lan\u00e7a plataforma com resultados de pesquisa de opini\u00e3o sobre Poder Executivo"},"content":{"rendered":"<p> Ag\u00eancia FAPESP \u2013 O Centro de Estudos da Metr\u00f3pole (CEM), um dos Centros de Pesquisa, Inova\u00e7\u00e3o e Difus\u00e3o (CEPIDs) apoiados pela FAPESP, desenvolveu uma ferramenta com a finalidade de apresentar resultados de <strong><em>pesquisas de opini\u00e3o<\/em><\/strong> sobre a Avalia\u00e7\u00e3o para Governadores de 10 Estados e Presidentes da Rep\u00fablica.<\/p>\n<p>O projeto disponibiliza, de forma aberta a pesquisadores e interessados em geral, informa\u00e7\u00f5es de pesquisas de opini\u00e3o de dois institutos: Ibope (Avalia\u00e7\u00e3o e Aprova\u00e7\u00e3o) e Datafolha (Avalia\u00e7\u00e3o). No caso do Ibope, os dados se referem aos presidentes da Rep\u00fablica, de 2000 a 2015, e do Datafolha, de 1992 a 2014.<\/p>\n<p>No que se refere \u00e0 Avalia\u00e7\u00e3o de Governadores, s\u00e3o contemplados os seguintes Estados: Bahia, Cear\u00e1, Distrito Federal, Minas Gerais, Mato Grosso do Sul, Pernambuco, Paran\u00e1, Rio Grande do Sul, Santa Catarina e S\u00e3o Paulo, de 1996 a 2016.<\/p>\n<p>A plataforma permite identificar o percentual do eleitorado que avalia cada governante como \u00d3timo\/Bom, Regular ou P\u00e9ssimo.<\/p>\n<p>O aplicativo permite tamb\u00e9m comparar as avalia\u00e7\u00f5es com indicadores da atividade econ\u00f4mica, de forma a associar o desempenho da economia com o n\u00edvel de satisfa\u00e7\u00e3o dos cidad\u00e3os. O site propicia acesso e compreens\u00e3o clara ao visitante, utilizando as ferramentas das ci\u00eancias sociais, estat\u00edstica e ci\u00eancia da computa\u00e7\u00e3o.<\/p>\n<p>A plataforma desenvolvida pelo CEM pode ser acessada no endere\u00e7o .<\/p>\n","protected":false},"excerpt":{"rendered":"<p>Ag\u00eancia FAPESP \u2013 O Centro de Estudos da Metr\u00f3pole (CEM), um dos Centros de Pesquisa, Inova\u00e7\u00e3o e Difus\u00e3o (CEPIDs) apoiados pela FAPESP, desenvolveu uma ferramenta com a finalidade de apresentar resultados de pesquisas de opini\u00e3o sobre a Avalia\u00e7\u00e3o para Governadores de 10 Estados e Presidentes da Rep\u00fablica. O projeto disponibiliza, de forma aberta a pesquisadores [&hellip;]<\/p>\n","protected":false},"author":2,"featured_media":57576,"comment_status":"open","ping_status":"closed","sticky":false,"template":"","format":"standard","meta":{"_genesis_hide_title":false,"_genesis_hide_breadcrumbs":false,"_genesis_hide_singular_image":false,"_genesis_hide_footer_widgets":false,"_genesis_custom_body_class":"","_genesis_custom_post_class":"","_genesis_layout":"","_jetpack_memberships_contains_paid_content":false,"footnotes":""},"categories":[22],"tags":[],"class_list":{"0":"post-96187","1":"post","2":"type-post","3":"status-publish","4":"format-standard","5":"has-post-thumbnail","7":"category-brasil","8":"entry","9":"gs-1","10":"gs-odd","11":"gs-even","12":"gs-featured-content-entry"},"jetpack_featured_media_url":"https:\/\/www.redenoticia.com.br\/noticia\/imagens\/tecnologia1.jpg","jetpack_sharing_enabled":true,"jetpack_likes_enabled":true,"_links":{"self":[{"href":"https:\/\/www.redenoticia.com.br\/noticia\/wp-json\/wp\/v2\/posts\/96187","targetHints":{"allow":["GET"]}}],"collection":[{"href":"https:\/\/www.redenoticia.com.br\/noticia\/wp-json\/wp\/v2\/posts"}],"about":[{"href":"https:\/\/www.redenoticia.com.br\/noticia\/wp-json\/wp\/v2\/types\/post"}],"author":[{"embeddable":true,"href":"https:\/\/www.redenoticia.com.br\/noticia\/wp-json\/wp\/v2\/users\/2"}],"replies":[{"embeddable":true,"href":"https:\/\/www.redenoticia.com.br\/noticia\/wp-json\/wp\/v2\/comments?post=96187"}],"version-history":[{"count":0,"href":"https:\/\/www.redenoticia.com.br\/noticia\/wp-json\/wp\/v2\/posts\/96187\/revisions"}],"wp:featuredmedia":[{"embeddable":true,"href":"https:\/\/www.redenoticia.com.br\/noticia\/wp-json\/wp\/v2\/media\/57576"}],"wp:attachment":[{"href":"https:\/\/www.redenoticia.com.br\/noticia\/wp-json\/wp\/v2\/media?parent=96187"}],"wp:term":[{"taxonomy":"category","embeddable":true,"href":"https:\/\/www.redenoticia.com.br\/noticia\/wp-json\/wp\/v2\/categories?post=96187"},{"taxonomy":"post_tag","embeddable":true,"href":"https:\/\/www.redenoticia.com.br\/noticia\/wp-json\/wp\/v2\/tags?post=96187"}],"curies":[{"name":"wp","href":"https:\/\/api.w.org\/{rel}","templated":true}]}}