{"id":96112,"date":"2016-09-27T06:30:36","date_gmt":"2016-09-27T09:30:36","guid":{"rendered":"http:\/\/www.redenoticia.com.br\/noticia\/?p=96112"},"modified":"2016-09-26T20:31:27","modified_gmt":"2016-09-26T23:31:27","slug":"contas-externas-tem-saldo-negativo-de-us-579-milhoes-em-agosto","status":"publish","type":"post","link":"https:\/\/www.redenoticia.com.br\/noticia\/2016\/contas-externas-tem-saldo-negativo-de-us-579-milhoes-em-agosto\/96112","title":{"rendered":"Contas externas t\u00eam saldo negativo de US$ 579 milh\u00f5es em agosto"},"content":{"rendered":"<p> As <strong><em>contas externas<\/em><\/strong> fecharam o m\u00eas de agosto com d\u00e9ficit de US$ 579 milh\u00f5es, de acordo com dados do Banco Central (BC). O saldo negativo das transa\u00e7\u00f5es correntes \u2013 compras e vendas de mercadorias e servi\u00e7os e transfer\u00eancias de renda do pa\u00eds com o mundo \u2013 \u00e9 bem menor do que o registrado em igual m\u00eas de 2015, quando ficou em US$ 2,592 bilh\u00f5es. O resultado de agosto foi o melhor para o m\u00eas desde agosto de 2007, quando foi registrado super\u00e1vit de US$ 1,233 bilh\u00e3o.<\/p>\n<p>De janeiro a agosto deste ano, o d\u00e9ficit ficou em US$ 13,119 bilh\u00f5es, contra US$ 46,164 bilh\u00f5es no mesmo per\u00edodo de 2015.<\/p>\n<p>No balan\u00e7o das transa\u00e7\u00f5es correntes, a conta de renda prim\u00e1ria (lucros e dividendos, pagamentos de juros e sal\u00e1rios) apresentou saldo negativo de US$ 2,508 bilh\u00f5es, no m\u00eas passado.<\/p>\n<p>A conta de servi\u00e7os (viagens internacionais, transportes, aluguel de equipamentos, seguros, entre outros) contribuiu para o resultado negativo com US$ 2,202 bilh\u00f5es.<\/p>\n<p>A conta de renda secund\u00e1ria (gerada em uma economia e distribu\u00edda para outra, como doa\u00e7\u00f5es e remessas de d\u00f3lares, sem contrapartida de servi\u00e7os ou bens) apresentou resultado positivo de US$ 214 milh\u00f5es.<\/p>\n<p> A balan\u00e7a comercial contribuiu para reduzir o d\u00e9ficit das contas externas, ao apresentar super\u00e1vit de US$ 3,918 bilh\u00f5es.<\/p>\n<p>Quando o pa\u00eds tem d\u00e9ficit nas contas externas, \u00e9 preciso financiar esse resultado negativo com investimentos estrangeiros ou tomar dinheiro emprestado no exterior. O investimento direto no pa\u00eds (IDP), recursos que entram no Brasil e v\u00e3o para o setor produtivo da economia, \u00e9 considerado a melhor forma de financiar por ser de longo prazo.<\/p>\n<p>No m\u00eas passado, o IDP chegou a US$ 7,208 bilh\u00f5es e foi mais do que suficiente para cobrir todo o d\u00e9ficit em transa\u00e7\u00f5es correntes. De janeiro a agosto, esses investimentos somaram US$ 41,101 bilh\u00f5es.<\/p>\n<p>Em agosto, o pa\u00eds tamb\u00e9m registrou sa\u00edda de investimento em a\u00e7\u00f5es negociadas em bolsas de valores no Brasil e no exterior e em fundos de investimento, no total de US$ 1,511 bilh\u00e3o. Nos oito meses do ano, houve entrada de US$ 7,422 bilh\u00f5es. Houve sa\u00edda l\u00edquida de investimento em t\u00edtulos negociados no pa\u00eds de US$ 3,834 bilh\u00f5es, no m\u00eas passado, e de US$ 15,551 bilh\u00f5es, de janeiro a agosto deste ano.<\/p>\n<p>Proje\u00e7\u00f5es<\/p>\n<p>O BC revisou a estimativa de d\u00e9ficit em transa\u00e7\u00f5es correntes de US$ 15 bilh\u00f5es para 18 bilh\u00f5es, este ano. Esse valor deve corresponder a 1% do Produto Interno Bruto (PIB), soma de todos os bens e servi\u00e7os produzidos no pa\u00eds. A estimativa anterior era 0,84% do PIB. O BC revisa essas proje\u00e7\u00f5es trimestralmente.<\/p>\n<p>A proje\u00e7\u00e3o para o super\u00e1vit comercial passou de US$ 50 bilh\u00f5es para US$ 49 bilh\u00f5es. A expectativa de d\u00e9ficit para a conta de servi\u00e7os subiu de US$ 28,3 bilh\u00f5es para US$ 29,9 bilh\u00f5es. A estimativa para o d\u00e9ficit na renda prim\u00e1ria foi alterada de US$ 39,7 bilh\u00f5es para US$ 39,9 bilh\u00f5es.<\/p>\n<p>O BC manteve a estimativa para o IDP, este ano, em US$ 70 bilh\u00f5es.<\/p>\n<p>Kelly Oliveira \u2013 Rep\u00f3rter da Ag\u00eancia Brasil<br \/>\nEdi\u00e7\u00e3o: Denise Griesinger<br \/>\n27\/09\/2016<\/p>\n","protected":false},"excerpt":{"rendered":"<p>As contas externas fecharam o m\u00eas de agosto com d\u00e9ficit de US$ 579 milh\u00f5es, de acordo com dados do Banco Central (BC). O saldo negativo das transa\u00e7\u00f5es correntes \u2013 compras e vendas de mercadorias e servi\u00e7os e transfer\u00eancias de renda do pa\u00eds com o mundo \u2013 \u00e9 bem menor do que o registrado em igual [&hellip;]<\/p>\n","protected":false},"author":2,"featured_media":57583,"comment_status":"open","ping_status":"closed","sticky":false,"template":"","format":"standard","meta":{"_genesis_hide_title":false,"_genesis_hide_breadcrumbs":false,"_genesis_hide_singular_image":false,"_genesis_hide_footer_widgets":false,"_genesis_custom_body_class":"","_genesis_custom_post_class":"","_genesis_layout":"","_jetpack_memberships_contains_paid_content":false,"footnotes":""},"categories":[22,7],"tags":[],"class_list":{"0":"post-96112","1":"post","2":"type-post","3":"status-publish","4":"format-standard","5":"has-post-thumbnail","7":"category-brasil","8":"category-economia","9":"entry","10":"gs-1","11":"gs-odd","12":"gs-even","13":"gs-featured-content-entry"},"jetpack_featured_media_url":"https:\/\/www.redenoticia.com.br\/noticia\/imagens\/economia-grafico.jpg","jetpack_sharing_enabled":true,"jetpack_likes_enabled":true,"_links":{"self":[{"href":"https:\/\/www.redenoticia.com.br\/noticia\/wp-json\/wp\/v2\/posts\/96112","targetHints":{"allow":["GET"]}}],"collection":[{"href":"https:\/\/www.redenoticia.com.br\/noticia\/wp-json\/wp\/v2\/posts"}],"about":[{"href":"https:\/\/www.redenoticia.com.br\/noticia\/wp-json\/wp\/v2\/types\/post"}],"author":[{"embeddable":true,"href":"https:\/\/www.redenoticia.com.br\/noticia\/wp-json\/wp\/v2\/users\/2"}],"replies":[{"embeddable":true,"href":"https:\/\/www.redenoticia.com.br\/noticia\/wp-json\/wp\/v2\/comments?post=96112"}],"version-history":[{"count":0,"href":"https:\/\/www.redenoticia.com.br\/noticia\/wp-json\/wp\/v2\/posts\/96112\/revisions"}],"wp:featuredmedia":[{"embeddable":true,"href":"https:\/\/www.redenoticia.com.br\/noticia\/wp-json\/wp\/v2\/media\/57583"}],"wp:attachment":[{"href":"https:\/\/www.redenoticia.com.br\/noticia\/wp-json\/wp\/v2\/media?parent=96112"}],"wp:term":[{"taxonomy":"category","embeddable":true,"href":"https:\/\/www.redenoticia.com.br\/noticia\/wp-json\/wp\/v2\/categories?post=96112"},{"taxonomy":"post_tag","embeddable":true,"href":"https:\/\/www.redenoticia.com.br\/noticia\/wp-json\/wp\/v2\/tags?post=96112"}],"curies":[{"name":"wp","href":"https:\/\/api.w.org\/{rel}","templated":true}]}}