{"id":96110,"date":"2016-09-27T06:29:43","date_gmt":"2016-09-27T09:29:43","guid":{"rendered":"http:\/\/www.redenoticia.com.br\/noticia\/?p=96110"},"modified":"2016-09-26T20:30:32","modified_gmt":"2016-09-26T23:30:32","slug":"gastos-em-viagens-internacionais-voltam-a-crescer-em-agosto-diz-banco-central","status":"publish","type":"post","link":"https:\/\/www.redenoticia.com.br\/noticia\/2016\/gastos-em-viagens-internacionais-voltam-a-crescer-em-agosto-diz-banco-central\/96110","title":{"rendered":"Gastos em viagens internacionais voltam a crescer em agosto, diz Banco Central"},"content":{"rendered":"<p> Os <strong><em>gastos de brasileiros no exterior<\/em><\/strong> voltaram a crescer em agosto e seguem em tend\u00eancia de expans\u00e3o, neste m\u00eas, informou o Banco Central (BC). Em agosto, as despesas chegaram a US$ 1,292 bilh\u00e3o, com crescimento de 2,3% em rela\u00e7\u00e3o ao mesmo per\u00edodo de 2015.<\/p>\n<p>Segundo o chefe do Departamento Econ\u00f4mico do BC, Tulio Maciel, essa foi a primeira vez que houve crescimento dos gastos na compara\u00e7\u00e3o anual desde janeiro de 2015. Neste m\u00eas, at\u00e9 a \u00faltima quinta-feira (22), os gastos chegaram a US$ 973 milh\u00f5es. De acordo com Maciel, se essas despesas continuarem nesse ritmo de crescimento, a expans\u00e3o em rela\u00e7\u00e3o a setembro de 2015 ser\u00e1 de 8,1%.<\/p>\n<p>De acordo com Maciel, a taxa de c\u00e2mbio, que chegou a superar R$ 4 no in\u00edcio do ano e agora est\u00e1 em torno de R$ 3,20, foi um fator determinante para a expans\u00e3o dos gastos no exterior. \u201cA taxa de c\u00e2mbio determina grande parte dos custos l\u00e1 fora, como hospedagem, transporte\u201d, disse.<\/p>\n<p>Ele acrescentou que a \u201cperspectiva melhor\u201d para a atividade econ\u00f4mica e a melhora na confian\u00e7a do consumidor tamb\u00e9m podem ter contribu\u00eddo para a retomada dos gastos com viagens internacionais. \u201cA confian\u00e7a \u00e9 um item importante na decis\u00e3o de gastos\u201d, acrescentou.<\/p>\n<p>Kelly Oliveira \u2013 Rep\u00f3rter da Ag\u00eancia Brasil<br \/>\nEdi\u00e7\u00e3o: Denise Griesinger<br \/>\n27\/09\/2016<\/p>\n","protected":false},"excerpt":{"rendered":"<p>Os gastos de brasileiros no exterior voltaram a crescer em agosto e seguem em tend\u00eancia de expans\u00e3o, neste m\u00eas, informou o Banco Central (BC). Em agosto, as despesas chegaram a US$ 1,292 bilh\u00e3o, com crescimento de 2,3% em rela\u00e7\u00e3o ao mesmo per\u00edodo de 2015. Segundo o chefe do Departamento Econ\u00f4mico do BC, Tulio Maciel, essa [&hellip;]<\/p>\n","protected":false},"author":2,"featured_media":57585,"comment_status":"open","ping_status":"closed","sticky":false,"template":"","format":"standard","meta":{"_genesis_hide_title":false,"_genesis_hide_breadcrumbs":false,"_genesis_hide_singular_image":false,"_genesis_hide_footer_widgets":false,"_genesis_custom_body_class":"","_genesis_custom_post_class":"","_genesis_layout":"","_jetpack_memberships_contains_paid_content":false,"footnotes":""},"categories":[22,7],"tags":[],"class_list":{"0":"post-96110","1":"post","2":"type-post","3":"status-publish","4":"format-standard","5":"has-post-thumbnail","7":"category-brasil","8":"category-economia","9":"entry","10":"gs-1","11":"gs-odd","12":"gs-even","13":"gs-featured-content-entry"},"jetpack_featured_media_url":"https:\/\/www.redenoticia.com.br\/noticia\/imagens\/analise-economia.jpg","jetpack_sharing_enabled":true,"jetpack_likes_enabled":true,"_links":{"self":[{"href":"https:\/\/www.redenoticia.com.br\/noticia\/wp-json\/wp\/v2\/posts\/96110","targetHints":{"allow":["GET"]}}],"collection":[{"href":"https:\/\/www.redenoticia.com.br\/noticia\/wp-json\/wp\/v2\/posts"}],"about":[{"href":"https:\/\/www.redenoticia.com.br\/noticia\/wp-json\/wp\/v2\/types\/post"}],"author":[{"embeddable":true,"href":"https:\/\/www.redenoticia.com.br\/noticia\/wp-json\/wp\/v2\/users\/2"}],"replies":[{"embeddable":true,"href":"https:\/\/www.redenoticia.com.br\/noticia\/wp-json\/wp\/v2\/comments?post=96110"}],"version-history":[{"count":0,"href":"https:\/\/www.redenoticia.com.br\/noticia\/wp-json\/wp\/v2\/posts\/96110\/revisions"}],"wp:featuredmedia":[{"embeddable":true,"href":"https:\/\/www.redenoticia.com.br\/noticia\/wp-json\/wp\/v2\/media\/57585"}],"wp:attachment":[{"href":"https:\/\/www.redenoticia.com.br\/noticia\/wp-json\/wp\/v2\/media?parent=96110"}],"wp:term":[{"taxonomy":"category","embeddable":true,"href":"https:\/\/www.redenoticia.com.br\/noticia\/wp-json\/wp\/v2\/categories?post=96110"},{"taxonomy":"post_tag","embeddable":true,"href":"https:\/\/www.redenoticia.com.br\/noticia\/wp-json\/wp\/v2\/tags?post=96110"}],"curies":[{"name":"wp","href":"https:\/\/api.w.org\/{rel}","templated":true}]}}