{"id":96108,"date":"2016-09-27T06:28:37","date_gmt":"2016-09-27T09:28:37","guid":{"rendered":"http:\/\/www.redenoticia.com.br\/noticia\/?p=96108"},"modified":"2016-09-26T20:29:39","modified_gmt":"2016-09-26T23:29:39","slug":"tesouro-nacional-diz-que-divida-publica-tem-reducao-de-007","status":"publish","type":"post","link":"https:\/\/www.redenoticia.com.br\/noticia\/2016\/tesouro-nacional-diz-que-divida-publica-tem-reducao-de-007\/96108","title":{"rendered":"Tesouro Nacional diz que D\u00edvida P\u00fablica tem redu\u00e7\u00e3o de 0,07%"},"content":{"rendered":"<p> A <strong><em>D\u00edvida P\u00fablica Federal<\/em><\/strong> teve redu\u00e7\u00e3o de 0,07%, em termos nominais, passando de R$ 2,958 trilh\u00f5es em junho para R$ 2,956 trilh\u00f5es em julho. Os dados foram divulgados pelo Tesouro Nacional. O endividamento do Tesouro pode ocorrer por meio da oferta de t\u00edtulos p\u00fablicos em leil\u00f5es, pela internet (Tesouro Direto) ou pela emiss\u00e3o direta (com destina\u00e7\u00e3o espec\u00edfica).<\/p>\n<p>O aumento da d\u00edvida do Tesouro Nacional tamb\u00e9m pode ocorrer pela assinatura de contratos de empr\u00e9stimo. Nesse caso, o Tesouro toma empr\u00e9stimo de uma institui\u00e7\u00e3o financeira ou de um banco de fomento.<\/p>\n<p>A D\u00edvida P\u00fablica Mobili\u00e1ria Federal interna (DPMFi) teve o estoque reduzido em 0,20% e passou de R$ 2,837 trilh\u00f5es para R$ 2,832 trilh\u00f5es. A DPMFi \u00e9 a d\u00edvida p\u00fablica federal em circula\u00e7\u00e3o no mercado nacional. Ela \u00e9 paga em reais e captada por meio da emiss\u00e3o de t\u00edtulos p\u00fablicos.<\/p>\n<p>Resgate l\u00edquido de R$ 33,48 bilh\u00f5es<\/p>\n<p>O motivo da redu\u00e7\u00e3o foi o resgate l\u00edquido, de R$ 33,48 bilh\u00f5es, realizado pelo governo, compensado pela apropria\u00e7\u00e3o positiva de juros, no valor de R$ 27,76 bilh\u00f5es.<\/p>\n<p>Por outro lado, a D\u00edvida P\u00fablica Federal Externa (DPFe) registrou, em julho, aumento de 2,97% em compara\u00e7\u00e3o ao resultado do m\u00eas anterior, chegando a R$ 124,36 bilh\u00f5es, equivalentes a US$ 38,40 bilh\u00f5es, dos quais R$ 114,28 bilh\u00f5es (US$ 35,28 bilh\u00f5es) referem-se \u00e0 d\u00edvida mobili\u00e1ria (t\u00edtulos) e R$ 10,08 bilh\u00f5es (US$ 3,11 bilh\u00f5es), \u00e0 d\u00edvida contratual.<\/p>\n<p>Segundo o Tesouro Nacional, a varia\u00e7\u00e3o ocorreu devido \u00e0 emiss\u00e3o l\u00edquida ocorrida no per\u00edodo e os juros incorporados \u00e0 d\u00edvida. DPFe \u00e9 a d\u00edvida p\u00fablica federal existente no mercado internacional.<\/p>\n<p>Os dados de agosto ainda n\u00e3o foram divulgados pelo Tesouro Nacional. De acordo com o Plano Anual de Financiamento (PAF), o governo estima a D\u00edvida P\u00fablica Federal, em 2016, entre R$ 3,1 trilh\u00f5es e R$ 3,3 trilh\u00f5es.<\/p>\n<p>Datas ser\u00e3o regularizadas<\/p>\n<p>M\u00e1rcia Fernanda Tapaj\u00f3s, coordenadora de Opera\u00e7\u00f5es da D\u00edvida P\u00fablica do Tesouro Nacional, n\u00e3o descarta a revis\u00e3o do PAF com base nos dados at\u00e9 agosto. Ela disse que, a partir do dia 24 de outubro, as datas para a divulga\u00e7\u00e3o do relat\u00f3rio da d\u00edvida p\u00fablica ser\u00e3o \u201cregularizadas\u201d. O relat\u00f3rio de agosto, informou, dever\u00e1 ser divulgado antes desta data.<\/p>\n<p>M\u00e1rcia negou que o atraso na divulga\u00e7\u00e3o dos n\u00fameros seja devido ao movimento dos servidores do Tesouro que pedem o mesmo reajuste conseguido pelos auditores fiscais da Receita Federal. \u201cN\u00e3o houve e n\u00e3o h\u00e1 greve no Tesouro. O que houve foram paralisa\u00e7\u00f5es. Na verdade, assembleias, n\u00e3o diria paralisa\u00e7\u00f5es, [mas] assembleias normais onde todos os servidores participaram. Foram assembleias com hor\u00e1rios definidos e, em fun\u00e7\u00e3o das assembleias, n\u00f3s acabamos com alguns atrasos. Reitero: N\u00e3o houve e n\u00e3o h\u00e1 greve no Tesouro\u201d, disse.<\/p>\n<p>Daniel Lima \u2013 Rep\u00f3rter da Ag\u00eancia Brasil<br \/>\nEdi\u00e7\u00e3o: Kleber Sampaio<br \/>\n27\/09\/2016<\/p>\n","protected":false},"excerpt":{"rendered":"<p>A D\u00edvida P\u00fablica Federal teve redu\u00e7\u00e3o de 0,07%, em termos nominais, passando de R$ 2,958 trilh\u00f5es em junho para R$ 2,956 trilh\u00f5es em julho. Os dados foram divulgados pelo Tesouro Nacional. O endividamento do Tesouro pode ocorrer por meio da oferta de t\u00edtulos p\u00fablicos em leil\u00f5es, pela internet (Tesouro Direto) ou pela emiss\u00e3o direta (com [&hellip;]<\/p>\n","protected":false},"author":2,"featured_media":38938,"comment_status":"open","ping_status":"closed","sticky":false,"template":"","format":"standard","meta":{"_genesis_hide_title":false,"_genesis_hide_breadcrumbs":false,"_genesis_hide_singular_image":false,"_genesis_hide_footer_widgets":false,"_genesis_custom_body_class":"","_genesis_custom_post_class":"","_genesis_layout":"","_jetpack_memberships_contains_paid_content":false,"footnotes":""},"categories":[22,7],"tags":[],"class_list":{"0":"post-96108","1":"post","2":"type-post","3":"status-publish","4":"format-standard","5":"has-post-thumbnail","7":"category-brasil","8":"category-economia","9":"entry","10":"gs-1","11":"gs-odd","12":"gs-even","13":"gs-featured-content-entry"},"jetpack_featured_media_url":"https:\/\/www.redenoticia.com.br\/noticia\/imagens\/economia1.jpg","jetpack_sharing_enabled":true,"jetpack_likes_enabled":true,"_links":{"self":[{"href":"https:\/\/www.redenoticia.com.br\/noticia\/wp-json\/wp\/v2\/posts\/96108","targetHints":{"allow":["GET"]}}],"collection":[{"href":"https:\/\/www.redenoticia.com.br\/noticia\/wp-json\/wp\/v2\/posts"}],"about":[{"href":"https:\/\/www.redenoticia.com.br\/noticia\/wp-json\/wp\/v2\/types\/post"}],"author":[{"embeddable":true,"href":"https:\/\/www.redenoticia.com.br\/noticia\/wp-json\/wp\/v2\/users\/2"}],"replies":[{"embeddable":true,"href":"https:\/\/www.redenoticia.com.br\/noticia\/wp-json\/wp\/v2\/comments?post=96108"}],"version-history":[{"count":0,"href":"https:\/\/www.redenoticia.com.br\/noticia\/wp-json\/wp\/v2\/posts\/96108\/revisions"}],"wp:featuredmedia":[{"embeddable":true,"href":"https:\/\/www.redenoticia.com.br\/noticia\/wp-json\/wp\/v2\/media\/38938"}],"wp:attachment":[{"href":"https:\/\/www.redenoticia.com.br\/noticia\/wp-json\/wp\/v2\/media?parent=96108"}],"wp:term":[{"taxonomy":"category","embeddable":true,"href":"https:\/\/www.redenoticia.com.br\/noticia\/wp-json\/wp\/v2\/categories?post=96108"},{"taxonomy":"post_tag","embeddable":true,"href":"https:\/\/www.redenoticia.com.br\/noticia\/wp-json\/wp\/v2\/tags?post=96108"}],"curies":[{"name":"wp","href":"https:\/\/api.w.org\/{rel}","templated":true}]}}