{"id":96106,"date":"2016-09-27T06:27:33","date_gmt":"2016-09-27T09:27:33","guid":{"rendered":"http:\/\/www.redenoticia.com.br\/noticia\/?p=96106"},"modified":"2016-09-26T20:28:30","modified_gmt":"2016-09-26T23:28:30","slug":"mercado-reduz-para-725-projecao-de-inflacao-para-este-ano","status":"publish","type":"post","link":"https:\/\/www.redenoticia.com.br\/noticia\/2016\/mercado-reduz-para-725-projecao-de-inflacao-para-este-ano\/96106","title":{"rendered":"Mercado reduz para 7,25% proje\u00e7\u00e3o de infla\u00e7\u00e3o para este ano"},"content":{"rendered":"<p> Institui\u00e7\u00f5es financeiras consultadas pelo Banco Central (BC) reduziram a proje\u00e7\u00e3o de <strong><em>infla\u00e7\u00e3o<\/em><\/strong>, medida pelo \u00cdndice Nacional de Pre\u00e7os ao Consumidor Amplo (IPCA), neste ano, de 7,34% para 7,25%. Essa foi a segunda redu\u00e7\u00e3o seguida, na pesquisa feita pelo BC junto ao mercado financeiro todas as semanas. Para 2017, a proje\u00e7\u00e3o tamb\u00e9m caiu: de 5,12% para 5%. Os n\u00fameros saem no Boletim Focus, divulgado \u00e0s segundas-feiras.<\/p>\n<p>As estimativas est\u00e3o acima da meta de infla\u00e7\u00e3o de 4,5% neste ano e em 2017. O c\u00e1lculo para este ano ultrapassa tamb\u00e9m o teto da meta que tem que ser perseguida pelo BC que \u00e9 6,5%. Para o pr\u00f3ximo ano, o teto da meta \u00e9 6%.<\/p>\n<p>Controle inflacion\u00e1rio<\/p>\n<p>O principal instrumento usado pelo BC para controlar a infla\u00e7\u00e3o \u00e9 a taxa b\u00e1sica de juros, usada nas negocia\u00e7\u00f5es de t\u00edtulos p\u00fablicos no Sistema Especial de Liquida\u00e7\u00e3o e Cust\u00f3dia (Selic). Quando o Copom aumenta a Selic, o objetivo \u00e9 conter a demanda aquecida, e isso gera reflexos nos pre\u00e7os, porque os juros mais altos encarecem o cr\u00e9dito e estimulam a poupan\u00e7a.<\/p>\n<p>Quando o Copom reduz os juros b\u00e1sicos, a tend\u00eancia \u00e9 que o cr\u00e9dito fique mais barato, com incentivo \u00e0 produ\u00e7\u00e3o e ao consumo, mas a medida alivia o controle sobre a infla\u00e7\u00e3o. Quando mant\u00e9m a taxa, o Copom considera que ajustes anteriores foram suficientes para alcan\u00e7ar o objetivo de controlar a infla\u00e7\u00e3o.<\/p>\n<p>Desde julho de 2015, os juros b\u00e1sicos est\u00e3o em 14,25% ao ano, no maior n\u00edvel desde outubro de 2006. As institui\u00e7\u00f5es financeiras mantiveram a proje\u00e7\u00e3o para a Selic em 13,75%, ao final deste ano, e em 11%, no fim de 2017.<\/p>\n<p>A proje\u00e7\u00e3o de queda do Produto Interno Bruto (PIB), soma de todos os bens e servi\u00e7os produzidos no pa\u00eds, este ano, passou de 3,15% para 3,14%, este ano. Para 2017, a expectativa de crescimento foi ajustada de 1,36% para 1,30%.<\/p>\n<p>Kelly Oliveira \u2013 Rep\u00f3rter da Ag\u00eancia Brasil<br \/>\nEdi\u00e7\u00e3o: Kleber Sampaio<br \/>\n27\/09\/2016<\/p>\n","protected":false},"excerpt":{"rendered":"<p>Institui\u00e7\u00f5es financeiras consultadas pelo Banco Central (BC) reduziram a proje\u00e7\u00e3o de infla\u00e7\u00e3o, medida pelo \u00cdndice Nacional de Pre\u00e7os ao Consumidor Amplo (IPCA), neste ano, de 7,34% para 7,25%. Essa foi a segunda redu\u00e7\u00e3o seguida, na pesquisa feita pelo BC junto ao mercado financeiro todas as semanas. Para 2017, a proje\u00e7\u00e3o tamb\u00e9m caiu: de 5,12% para [&hellip;]<\/p>\n","protected":false},"author":2,"featured_media":57584,"comment_status":"open","ping_status":"closed","sticky":false,"template":"","format":"standard","meta":{"_genesis_hide_title":false,"_genesis_hide_breadcrumbs":false,"_genesis_hide_singular_image":false,"_genesis_hide_footer_widgets":false,"_genesis_custom_body_class":"","_genesis_custom_post_class":"","_genesis_layout":"","_jetpack_memberships_contains_paid_content":false,"footnotes":""},"categories":[22,7],"tags":[],"class_list":{"0":"post-96106","1":"post","2":"type-post","3":"status-publish","4":"format-standard","5":"has-post-thumbnail","7":"category-brasil","8":"category-economia","9":"entry","10":"gs-1","11":"gs-odd","12":"gs-even","13":"gs-featured-content-entry"},"jetpack_featured_media_url":"https:\/\/www.redenoticia.com.br\/noticia\/imagens\/economia-grafica-analise-inflacao.jpg","jetpack_sharing_enabled":true,"jetpack_likes_enabled":true,"_links":{"self":[{"href":"https:\/\/www.redenoticia.com.br\/noticia\/wp-json\/wp\/v2\/posts\/96106","targetHints":{"allow":["GET"]}}],"collection":[{"href":"https:\/\/www.redenoticia.com.br\/noticia\/wp-json\/wp\/v2\/posts"}],"about":[{"href":"https:\/\/www.redenoticia.com.br\/noticia\/wp-json\/wp\/v2\/types\/post"}],"author":[{"embeddable":true,"href":"https:\/\/www.redenoticia.com.br\/noticia\/wp-json\/wp\/v2\/users\/2"}],"replies":[{"embeddable":true,"href":"https:\/\/www.redenoticia.com.br\/noticia\/wp-json\/wp\/v2\/comments?post=96106"}],"version-history":[{"count":0,"href":"https:\/\/www.redenoticia.com.br\/noticia\/wp-json\/wp\/v2\/posts\/96106\/revisions"}],"wp:featuredmedia":[{"embeddable":true,"href":"https:\/\/www.redenoticia.com.br\/noticia\/wp-json\/wp\/v2\/media\/57584"}],"wp:attachment":[{"href":"https:\/\/www.redenoticia.com.br\/noticia\/wp-json\/wp\/v2\/media?parent=96106"}],"wp:term":[{"taxonomy":"category","embeddable":true,"href":"https:\/\/www.redenoticia.com.br\/noticia\/wp-json\/wp\/v2\/categories?post=96106"},{"taxonomy":"post_tag","embeddable":true,"href":"https:\/\/www.redenoticia.com.br\/noticia\/wp-json\/wp\/v2\/tags?post=96106"}],"curies":[{"name":"wp","href":"https:\/\/api.w.org\/{rel}","templated":true}]}}