{"id":96102,"date":"2016-09-27T06:23:52","date_gmt":"2016-09-27T09:23:52","guid":{"rendered":"http:\/\/www.redenoticia.com.br\/noticia\/?p=96102"},"modified":"2016-09-26T20:25:33","modified_gmt":"2016-09-26T23:25:33","slug":"inpe-e-cemaden-realizam-conferencia-sobre-mudancas-climaticas","status":"publish","type":"post","link":"https:\/\/www.redenoticia.com.br\/noticia\/2016\/inpe-e-cemaden-realizam-conferencia-sobre-mudancas-climaticas\/96102","title":{"rendered":"Inpe e Cemaden realizam confer\u00eancia sobre mudan\u00e7as clim\u00e1ticas"},"content":{"rendered":"<p> Ag\u00eancia FAPESP \u2013 O Instituto Nacional de Pesquisas Espaciais (Inpe) e o Centro Nacional de Monitoramento e Alertas de Desastres Naturais (Cemaden) realizar\u00e3o a Confer\u00eancia Internacional do Instituto Nacional de Ci\u00eancia e Tecnologia (INCT) para <strong><em>Mudan\u00e7as Clim\u00e1ticas<\/em><\/strong> \u2013 Resultados Cient\u00edficos e Perspectivas nos dias 28 a 30 de setembro de 2016, em S\u00e3o Paulo. O INCT para Mudan\u00e7a Clim\u00e1ticas tem o apoio institucional da FAPESP e do Conselho Nacional de Desenvolvimento Cient\u00edfico e Tecnol\u00f3gico (CNPq).<\/p>\n<p>O objetivo da confer\u00eancia \u00e9 apresentar os resultados finais do INCT para Mudan\u00e7as Clim\u00e1ticas (INCT-MC) e discutir as perspectivas nas \u00e1reas de conhecimento abordadas pelo projeto, al\u00e9m de promover o debate entre pesquisadores e estudantes envolvidos com a tem\u00e1tica.<\/p>\n<p>No dia 28\/9, ser\u00e3o apresentados resultados nas \u00e1reas de Observa\u00e7\u00f5es e atribui\u00e7\u00e3o de causas da variabilidade e extremos clim\u00e1ticos; Monitoramento de Gases de Efeito Estufa; Zonas Costeiras e Oceanos; Desastres Naturais; e Biodiversidade. Ao final da programa\u00e7\u00e3o, ser\u00e1 apresentada a Terceira Comunica\u00e7\u00e3o Nacional Nacional do Brasil (TCN) \u00e0 Conven\u00e7\u00e3o-Quadro das Na\u00e7\u00f5es Unidas sobre Mudan\u00e7a do Clima (UNFCCC), pelo Minist\u00e9rio da Ci\u00eancia, Tecnologia, Inova\u00e7\u00f5es e Comunica\u00e7\u00f5es (MCTIC).<\/p>\n<p>No dia 29\/9, tr\u00eas confer\u00eancias magnas precedem os seguintes temas que ser\u00e3o abordados por pesquisadores do INCT para Mudan\u00e7as Clim\u00e1ticas: Seguran\u00e7a Energ\u00e9tica (Luiz Pinguelli Rosa, da UFRJ); Seguran\u00e7a H\u00eddrica (Jos\u00e9 Galizia Tundisi, do IIE) e Seguran\u00e7a Alimentar (Antonio M\u00e1rcio Buainain, da Unicamp). Ao final da programa\u00e7\u00e3o, ser\u00e1 apresentado o Plano Nacional de Adapta\u00e7\u00e3o \u00e0 Mudan\u00e7a do Clima, pelo Minist\u00e9rio do Meio Ambiente (MMA).<\/p>\n<p>No dia 30\/9, Ursula Oswald Spring, da Universidade Nacional do M\u00e9xico, apresenta confer\u00eancia magna sobre Interface Ci\u00eancia-Pol\u00edticas P\u00fablicas em Mudan\u00e7as Clim\u00e1ticas. Carolina Vera, da Universidade de Buenos Aires, apresenta confer\u00eancia magna sobre Modelagem do Sistema Terrestre. A ex-ministra do Meio Ambiente Marina Silva ser\u00e1 a palestrante da cerim\u00f4nia de abertura e Carlos Nobre, coordenador do INCT, encerrar\u00e1 o evento anunciando a nova fase do INCT para Mudan\u00e7as Clim\u00e1ticas.<\/p>\n<p>O evento ocorrer\u00e1 no Espa\u00e7o Apas, rua Pio XI, 1.200, Alto da Lapa, S\u00e3o Paulo.<\/p>\n<p>Para mais informa\u00e7\u00f5es sobre a programa\u00e7\u00e3o e inscri\u00e7\u00e3o acesse .<\/p>\n","protected":false},"excerpt":{"rendered":"<p>Ag\u00eancia FAPESP \u2013 O Instituto Nacional de Pesquisas Espaciais (Inpe) e o Centro Nacional de Monitoramento e Alertas de Desastres Naturais (Cemaden) realizar\u00e3o a Confer\u00eancia Internacional do Instituto Nacional de Ci\u00eancia e Tecnologia (INCT) para Mudan\u00e7as Clim\u00e1ticas \u2013 Resultados Cient\u00edficos e Perspectivas nos dias 28 a 30 de setembro de 2016, em S\u00e3o Paulo. O [&hellip;]<\/p>\n","protected":false},"author":2,"featured_media":26302,"comment_status":"open","ping_status":"closed","sticky":false,"template":"","format":"standard","meta":{"_genesis_hide_title":false,"_genesis_hide_breadcrumbs":false,"_genesis_hide_singular_image":false,"_genesis_hide_footer_widgets":false,"_genesis_custom_body_class":"","_genesis_custom_post_class":"","_genesis_layout":"","_jetpack_memberships_contains_paid_content":false,"footnotes":""},"categories":[22],"tags":[],"class_list":{"0":"post-96102","1":"post","2":"type-post","3":"status-publish","4":"format-standard","5":"has-post-thumbnail","7":"category-brasil","8":"entry","9":"gs-1","10":"gs-odd","11":"gs-even","12":"gs-featured-content-entry"},"jetpack_featured_media_url":"https:\/\/www.redenoticia.com.br\/noticia\/imagens\/previsao-tempo-clima-temperatura-.jpg","jetpack_sharing_enabled":true,"jetpack_likes_enabled":true,"_links":{"self":[{"href":"https:\/\/www.redenoticia.com.br\/noticia\/wp-json\/wp\/v2\/posts\/96102","targetHints":{"allow":["GET"]}}],"collection":[{"href":"https:\/\/www.redenoticia.com.br\/noticia\/wp-json\/wp\/v2\/posts"}],"about":[{"href":"https:\/\/www.redenoticia.com.br\/noticia\/wp-json\/wp\/v2\/types\/post"}],"author":[{"embeddable":true,"href":"https:\/\/www.redenoticia.com.br\/noticia\/wp-json\/wp\/v2\/users\/2"}],"replies":[{"embeddable":true,"href":"https:\/\/www.redenoticia.com.br\/noticia\/wp-json\/wp\/v2\/comments?post=96102"}],"version-history":[{"count":0,"href":"https:\/\/www.redenoticia.com.br\/noticia\/wp-json\/wp\/v2\/posts\/96102\/revisions"}],"wp:featuredmedia":[{"embeddable":true,"href":"https:\/\/www.redenoticia.com.br\/noticia\/wp-json\/wp\/v2\/media\/26302"}],"wp:attachment":[{"href":"https:\/\/www.redenoticia.com.br\/noticia\/wp-json\/wp\/v2\/media?parent=96102"}],"wp:term":[{"taxonomy":"category","embeddable":true,"href":"https:\/\/www.redenoticia.com.br\/noticia\/wp-json\/wp\/v2\/categories?post=96102"},{"taxonomy":"post_tag","embeddable":true,"href":"https:\/\/www.redenoticia.com.br\/noticia\/wp-json\/wp\/v2\/tags?post=96102"}],"curies":[{"name":"wp","href":"https:\/\/api.w.org\/{rel}","templated":true}]}}