{"id":95990,"date":"2016-09-26T06:10:27","date_gmt":"2016-09-26T09:10:27","guid":{"rendered":"http:\/\/www.redenoticia.com.br\/noticia\/?p=95990"},"modified":"2016-09-24T16:11:12","modified_gmt":"2016-09-24T19:11:12","slug":"cni-diz-que-industria-da-construcao-tem-tendencia-de-queda","status":"publish","type":"post","link":"https:\/\/www.redenoticia.com.br\/noticia\/2016\/cni-diz-que-industria-da-construcao-tem-tendencia-de-queda\/95990","title":{"rendered":"CNI diz que ind\u00fastria da constru\u00e7\u00e3o tem tend\u00eancia de queda"},"content":{"rendered":"<p> O cen\u00e1rio permanece desafiador para a <strong><em>ind\u00fastria da constru\u00e7\u00e3o<\/em><\/strong>, segundo avalia\u00e7\u00e3o da Confedera\u00e7\u00e3o Nacional da Ind\u00fastria (CNI). Dados divulgados indicam que o n\u00edvel de atividade est\u00e1 abaixo do usual desde maio de 2012 e, assim como o emprego, continua com tend\u00eancia de queda. Mas h\u00e1 sinais de que a crise est\u00e1 diminuindo. A redu\u00e7\u00e3o do n\u00edvel de atividade e do n\u00famero de empregados tem sido menor que a observada durante todo o ano de 2015, destaca a CNI.<\/p>\n<p>O indicador de atividade variou dentro da margem de erro e atingiu, em agosto, 41,8 pontos, 0,5 ponto inferior ao registrado em julho. Apesar da queda, o indicador acumula alta de 8,5 pontos no ano, o que indica redu\u00e7\u00e3o do ritmo de queda da atividade. O indicador de emprego permaneceu praticamente est\u00e1vel em 39,6 pontos, na passagem de julho para agosto e acumula alta de 6,6 pontos no ano.Valores abaixo de 50 indicam queda da atividade e do emprego em rela\u00e7\u00e3o ao m\u00eas anterior.<\/p>\n<p>Redu\u00e7\u00e3o da ociosidade<\/p>\n<p>O indicador do n\u00edvel de atividade efetivo-usual [comum ao m\u00eas] caiu 1,1 ponto na passagem de julho para agosto e encontra-se 22,3 pontos abaixo da linha divis\u00f3ria de 50 pontos . Ainda assim, n\u00e3o se pode afirmar que o movimento de redu\u00e7\u00e3o da ociosidade, que come\u00e7ou no segundo trimestre, tenha chegado ao fim, informou a CNI.<\/p>\n<p>A utiliza\u00e7\u00e3o da capacidade de opera\u00e7\u00e3o (UCO) em agosto atingiu 56%, 1 ponto percentual abaixo da registrada em julho e 10 pontos percentuais inferior \u00e0 m\u00e9dia do m\u00eas de agosto dos anos anteriores.<\/p>\n<p>As expectativas dos empres\u00e1rios do setor ainda continuam pessimistas. Todos os indicadores de expectativa oscilaram dentro da margem de erro na passagem de agosto para setembro. Os \u00edndices de expectativa do n\u00edvel de atividade e de novos empreendimentos e servi\u00e7os passaram de 46,1 e 44,8 pontos em agosto para 46,9 e 45,5 pontos em setembro.<\/p>\n<p>Na mesma base de compara\u00e7\u00e3o, os indicadores de expectativa de compras de insumos e mat\u00e9rias-primas e do n\u00famero de empregados variaram de 44,3 e 43,5 pontos para 45,0 e 44,1 pontos. Os \u00edndices de expectativa variam de 0 a 100 pontos. Valores abaixo dos 50 pontos indicam expectativa de queda.<\/p>\n<p>\u201cA baixa utiliza\u00e7\u00e3o da capacidade operacional, a fraca atividade e a dif\u00edcil situa\u00e7\u00e3o financeira das empresas do segmento da constru\u00e7\u00e3o desestimulam os empres\u00e1rios a investir. O indicador de inten\u00e7\u00e3o de investimento ficou praticamente est\u00e1vel em 26,9 pontos, na passagem de agosto para setembro, permanecendo entre os menores n\u00edveis da s\u00e9rie\u201d, finaliza a CNI.<\/p>\n<p>Da Ag\u00eancia Brasil<br \/>\nEdi\u00e7\u00e3o: Kleber Sampaio<br \/>\n26\/09\/2016<\/p>\n","protected":false},"excerpt":{"rendered":"<p>O cen\u00e1rio permanece desafiador para a ind\u00fastria da constru\u00e7\u00e3o, segundo avalia\u00e7\u00e3o da Confedera\u00e7\u00e3o Nacional da Ind\u00fastria (CNI). Dados divulgados indicam que o n\u00edvel de atividade est\u00e1 abaixo do usual desde maio de 2012 e, assim como o emprego, continua com tend\u00eancia de queda. Mas h\u00e1 sinais de que a crise est\u00e1 diminuindo. A redu\u00e7\u00e3o do [&hellip;]<\/p>\n","protected":false},"author":2,"featured_media":57583,"comment_status":"open","ping_status":"closed","sticky":false,"template":"","format":"standard","meta":{"_genesis_hide_title":false,"_genesis_hide_breadcrumbs":false,"_genesis_hide_singular_image":false,"_genesis_hide_footer_widgets":false,"_genesis_custom_body_class":"","_genesis_custom_post_class":"","_genesis_layout":"","_jetpack_memberships_contains_paid_content":false,"footnotes":""},"categories":[22,7],"tags":[],"class_list":{"0":"post-95990","1":"post","2":"type-post","3":"status-publish","4":"format-standard","5":"has-post-thumbnail","7":"category-brasil","8":"category-economia","9":"entry","10":"gs-1","11":"gs-odd","12":"gs-even","13":"gs-featured-content-entry"},"jetpack_featured_media_url":"https:\/\/www.redenoticia.com.br\/noticia\/imagens\/economia-grafico.jpg","jetpack_sharing_enabled":true,"jetpack_likes_enabled":true,"_links":{"self":[{"href":"https:\/\/www.redenoticia.com.br\/noticia\/wp-json\/wp\/v2\/posts\/95990","targetHints":{"allow":["GET"]}}],"collection":[{"href":"https:\/\/www.redenoticia.com.br\/noticia\/wp-json\/wp\/v2\/posts"}],"about":[{"href":"https:\/\/www.redenoticia.com.br\/noticia\/wp-json\/wp\/v2\/types\/post"}],"author":[{"embeddable":true,"href":"https:\/\/www.redenoticia.com.br\/noticia\/wp-json\/wp\/v2\/users\/2"}],"replies":[{"embeddable":true,"href":"https:\/\/www.redenoticia.com.br\/noticia\/wp-json\/wp\/v2\/comments?post=95990"}],"version-history":[{"count":0,"href":"https:\/\/www.redenoticia.com.br\/noticia\/wp-json\/wp\/v2\/posts\/95990\/revisions"}],"wp:featuredmedia":[{"embeddable":true,"href":"https:\/\/www.redenoticia.com.br\/noticia\/wp-json\/wp\/v2\/media\/57583"}],"wp:attachment":[{"href":"https:\/\/www.redenoticia.com.br\/noticia\/wp-json\/wp\/v2\/media?parent=95990"}],"wp:term":[{"taxonomy":"category","embeddable":true,"href":"https:\/\/www.redenoticia.com.br\/noticia\/wp-json\/wp\/v2\/categories?post=95990"},{"taxonomy":"post_tag","embeddable":true,"href":"https:\/\/www.redenoticia.com.br\/noticia\/wp-json\/wp\/v2\/tags?post=95990"}],"curies":[{"name":"wp","href":"https:\/\/api.w.org\/{rel}","templated":true}]}}