{"id":95988,"date":"2016-09-26T06:09:27","date_gmt":"2016-09-26T09:09:27","guid":{"rendered":"http:\/\/www.redenoticia.com.br\/noticia\/?p=95988"},"modified":"2016-09-24T16:10:24","modified_gmt":"2016-09-24T19:10:24","slug":"emprego-na-construcao-civil-tem-22a-queda-demissoes-somam-468-mil-em-um-ano","status":"publish","type":"post","link":"https:\/\/www.redenoticia.com.br\/noticia\/2016\/emprego-na-construcao-civil-tem-22a-queda-demissoes-somam-468-mil-em-um-ano\/95988","title":{"rendered":"Emprego na constru\u00e7\u00e3o civil tem 22\u00aa queda; demiss\u00f5es somam 468 mil em um ano"},"content":{"rendered":"<p> A constru\u00e7\u00e3o civil no pa\u00eds cortou 31,1 mil <strong><em>postos de trabalho<\/em><\/strong> em julho, o que significa queda de 1,13% no n\u00edvel de emprego em rela\u00e7\u00e3o a junho. As maiores quedas ocorreram no Nordeste (-1,55%), seguido pela Regi\u00e3o Sudeste (-1,42%). Apenas o Centro-Oeste apresentou alta (0,13%).<\/p>\n<p> Essa foi a 22\u00aa baixa consecutiva no saldo entre contrata\u00e7\u00f5es e demiss\u00f5es no setor que tem atualmente 2,73 milh\u00f5es de trabalhadores. No acumulado de janeiro a julho, foram fechadas 170,3 mil vagas. Em 12 meses, o n\u00famero de empregos suprimidos soma 468,8 mil.<\/p>\n<p>Os dados foram divulgados pelo Sindicato da Ind\u00fastria da Constru\u00e7\u00e3o Civil do Estado de S\u00e3o Paulo (SindusCon-SP) que faz o levantamento em parceria com a Funda\u00e7\u00e3o Getulio Vargas (FGV), sobre a base de informa\u00e7\u00f5es do Minist\u00e9rio do Trabalho e do Emprego (MTE).<\/p>\n<p>Em nota, o presidente do SindusCon-SP, Jos\u00e9 Romeu Ferraz Neto, atribuiu o crescimento do desemprego \u00e0 recess\u00e3o econ\u00f4mica. \u201cEmbora os empres\u00e1rios do setor estejam menos pessimistas com o futuro desempenho das construtoras, a persist\u00eancia dos juros altos, o desemprego, o decl\u00ednio da renda das fam\u00edlias e as restri\u00e7\u00f5es \u00e0 concess\u00e3o de financiamentos determinam a atual escassez de novos investimentos no setor\u201d, diz o texto.<\/p>\n<p>Ferraz Netto defendeu a necessidade de ado\u00e7\u00e3o de medidas para estimular as atividades no setor, tais como o Programa Minha Casa, Minha Vida, privatiza\u00e7\u00f5es e retomada de obras de infraestutura.<\/p>\n<p>Marli Moreira \u2013 Rep\u00f3rter da Ag\u00eancia Brasil<br \/>\nEdi\u00e7\u00e3o: N\u00e1dia Franco<br \/>\n26\/09\/2016<\/p>\n","protected":false},"excerpt":{"rendered":"<p>A constru\u00e7\u00e3o civil no pa\u00eds cortou 31,1 mil postos de trabalho em julho, o que significa queda de 1,13% no n\u00edvel de emprego em rela\u00e7\u00e3o a junho. As maiores quedas ocorreram no Nordeste (-1,55%), seguido pela Regi\u00e3o Sudeste (-1,42%). Apenas o Centro-Oeste apresentou alta (0,13%). Essa foi a 22\u00aa baixa consecutiva no saldo entre contrata\u00e7\u00f5es [&hellip;]<\/p>\n","protected":false},"author":2,"featured_media":57585,"comment_status":"open","ping_status":"closed","sticky":false,"template":"","format":"standard","meta":{"_genesis_hide_title":false,"_genesis_hide_breadcrumbs":false,"_genesis_hide_singular_image":false,"_genesis_hide_footer_widgets":false,"_genesis_custom_body_class":"","_genesis_custom_post_class":"","_genesis_layout":"","_jetpack_memberships_contains_paid_content":false,"footnotes":""},"categories":[22,7],"tags":[],"class_list":{"0":"post-95988","1":"post","2":"type-post","3":"status-publish","4":"format-standard","5":"has-post-thumbnail","7":"category-brasil","8":"category-economia","9":"entry","10":"gs-1","11":"gs-odd","12":"gs-even","13":"gs-featured-content-entry"},"jetpack_featured_media_url":"https:\/\/www.redenoticia.com.br\/noticia\/imagens\/analise-economia.jpg","jetpack_sharing_enabled":true,"jetpack_likes_enabled":true,"_links":{"self":[{"href":"https:\/\/www.redenoticia.com.br\/noticia\/wp-json\/wp\/v2\/posts\/95988","targetHints":{"allow":["GET"]}}],"collection":[{"href":"https:\/\/www.redenoticia.com.br\/noticia\/wp-json\/wp\/v2\/posts"}],"about":[{"href":"https:\/\/www.redenoticia.com.br\/noticia\/wp-json\/wp\/v2\/types\/post"}],"author":[{"embeddable":true,"href":"https:\/\/www.redenoticia.com.br\/noticia\/wp-json\/wp\/v2\/users\/2"}],"replies":[{"embeddable":true,"href":"https:\/\/www.redenoticia.com.br\/noticia\/wp-json\/wp\/v2\/comments?post=95988"}],"version-history":[{"count":0,"href":"https:\/\/www.redenoticia.com.br\/noticia\/wp-json\/wp\/v2\/posts\/95988\/revisions"}],"wp:featuredmedia":[{"embeddable":true,"href":"https:\/\/www.redenoticia.com.br\/noticia\/wp-json\/wp\/v2\/media\/57585"}],"wp:attachment":[{"href":"https:\/\/www.redenoticia.com.br\/noticia\/wp-json\/wp\/v2\/media?parent=95988"}],"wp:term":[{"taxonomy":"category","embeddable":true,"href":"https:\/\/www.redenoticia.com.br\/noticia\/wp-json\/wp\/v2\/categories?post=95988"},{"taxonomy":"post_tag","embeddable":true,"href":"https:\/\/www.redenoticia.com.br\/noticia\/wp-json\/wp\/v2\/tags?post=95988"}],"curies":[{"name":"wp","href":"https:\/\/api.w.org\/{rel}","templated":true}]}}