{"id":95984,"date":"2016-09-26T06:07:29","date_gmt":"2016-09-26T09:07:29","guid":{"rendered":"http:\/\/www.redenoticia.com.br\/noticia\/?p=95984"},"modified":"2016-09-24T16:08:23","modified_gmt":"2016-09-24T19:08:23","slug":"governo-aumenta-reserva-para-cobrir-riscos-fiscais","status":"publish","type":"post","link":"https:\/\/www.redenoticia.com.br\/noticia\/2016\/governo-aumenta-reserva-para-cobrir-riscos-fiscais\/95984","title":{"rendered":"Governo aumenta reserva para cobrir riscos fiscais"},"content":{"rendered":"<p> A regulariza\u00e7\u00e3o de recursos legalmente mantidos no exterior rendeu ao governo R$ 6,2 bilh\u00f5es at\u00e9 agora, conforme divulgou o Minist\u00e9rio do Planejamento. As receitas extras permitiram \u00e0 equipe econ\u00f4mica refor\u00e7ar de R$ 1,6 bilh\u00e3o para R$ 2,8 bilh\u00f5es a reserva criada em junho para cobrir <strong><em>riscos fiscais<\/em><\/strong> no Or\u00e7amento deste ano.<\/p>\n<p>O dinheiro entrar\u00e1 como refor\u00e7o para garantir o cumprimento da meta de d\u00e9ficit prim\u00e1rio de R$ 170,5 bilh\u00f5es para o Governo Central \u2013 Tesouro Nacional, Previd\u00eancia Social e Banco Central \u2013 neste ano. Os n\u00fameros constam do Relat\u00f3rio de Avalia\u00e7\u00e3o Receitas e Despesas do quarto bimestre, elaborado pelo Minist\u00e9rio do Planejamento. Divulgado a cada dois meses, o documento cont\u00e9m estimativas de receitas e despesas que orientam a execu\u00e7\u00e3o do Or\u00e7amento.<\/p>\n<p>Compensa\u00e7\u00e3o<\/p>\n<p>Os recursos extras elevar\u00e3o as reservas fiscais em R$ 1,2 bilh\u00e3o. Em junho, o governo tinha anunciado a cria\u00e7\u00e3o de uma reserva t\u00e9cnica de R$ 18,1 bilh\u00f5es no Or\u00e7amento para compensar eventuais quedas na arrecada\u00e7\u00e3o e garantir o cumprimento da meta fiscal de d\u00e9ficit prim\u00e1rio (resultado negativo das contas p\u00fablicas sem o gasto com juros) R$ 170,5 bilh\u00f5es.<\/p>\n<p>Em julho, no entanto, o Planejamento anunciou que usaria R$ 16,5 bilh\u00f5es da reserva para evitar novos cortes no Or\u00e7amento. Esse espa\u00e7o fiscal havia sido criado ap\u00f3s a aprova\u00e7\u00e3o da meta de d\u00e9ficit prim\u00e1rio \u2013 resultado negativo excluindo o pagamento dos juros da d\u00edvida p\u00fablica \u2013 de R$ 170,5 bilh\u00f5es pelo Congresso.<\/p>\n<p>Na \u00e9poca em que a reserva foi criada, o ministro interino do Planejamento, Dyogo Oliveira, anunciou que o espa\u00e7o fiscal permitiria ao governo absorver riscos de frustra\u00e7\u00e3o de receitas (quando as receitas caem mais que o esperado), o impacto da renegocia\u00e7\u00e3o da d\u00edvida dos estados e a possibilidade de que a repatria\u00e7\u00e3o de recursos no exterior renda ao governo menos que o esperado.<\/p>\n<p>Wellton M\u00e1ximo \u2013 Rep\u00f3rter da Ag\u00eancia Brasil<br \/>\nEdi\u00e7\u00e3o: Armando Cardoso<br \/>\n26\/09\/2016<\/p>\n","protected":false},"excerpt":{"rendered":"<p>A regulariza\u00e7\u00e3o de recursos legalmente mantidos no exterior rendeu ao governo R$ 6,2 bilh\u00f5es at\u00e9 agora, conforme divulgou o Minist\u00e9rio do Planejamento. As receitas extras permitiram \u00e0 equipe econ\u00f4mica refor\u00e7ar de R$ 1,6 bilh\u00e3o para R$ 2,8 bilh\u00f5es a reserva criada em junho para cobrir riscos fiscais no Or\u00e7amento deste ano. O dinheiro entrar\u00e1 como [&hellip;]<\/p>\n","protected":false},"author":2,"featured_media":40734,"comment_status":"open","ping_status":"closed","sticky":false,"template":"","format":"standard","meta":{"_genesis_hide_title":false,"_genesis_hide_breadcrumbs":false,"_genesis_hide_singular_image":false,"_genesis_hide_footer_widgets":false,"_genesis_custom_body_class":"","_genesis_custom_post_class":"","_genesis_layout":"","_jetpack_memberships_contains_paid_content":false,"footnotes":""},"categories":[22,7],"tags":[],"class_list":{"0":"post-95984","1":"post","2":"type-post","3":"status-publish","4":"format-standard","5":"has-post-thumbnail","7":"category-brasil","8":"category-economia","9":"entry","10":"gs-1","11":"gs-odd","12":"gs-even","13":"gs-featured-content-entry"},"jetpack_featured_media_url":"https:\/\/www.redenoticia.com.br\/noticia\/imagens\/economia-resultados.jpg","jetpack_sharing_enabled":true,"jetpack_likes_enabled":true,"_links":{"self":[{"href":"https:\/\/www.redenoticia.com.br\/noticia\/wp-json\/wp\/v2\/posts\/95984","targetHints":{"allow":["GET"]}}],"collection":[{"href":"https:\/\/www.redenoticia.com.br\/noticia\/wp-json\/wp\/v2\/posts"}],"about":[{"href":"https:\/\/www.redenoticia.com.br\/noticia\/wp-json\/wp\/v2\/types\/post"}],"author":[{"embeddable":true,"href":"https:\/\/www.redenoticia.com.br\/noticia\/wp-json\/wp\/v2\/users\/2"}],"replies":[{"embeddable":true,"href":"https:\/\/www.redenoticia.com.br\/noticia\/wp-json\/wp\/v2\/comments?post=95984"}],"version-history":[{"count":0,"href":"https:\/\/www.redenoticia.com.br\/noticia\/wp-json\/wp\/v2\/posts\/95984\/revisions"}],"wp:featuredmedia":[{"embeddable":true,"href":"https:\/\/www.redenoticia.com.br\/noticia\/wp-json\/wp\/v2\/media\/40734"}],"wp:attachment":[{"href":"https:\/\/www.redenoticia.com.br\/noticia\/wp-json\/wp\/v2\/media?parent=95984"}],"wp:term":[{"taxonomy":"category","embeddable":true,"href":"https:\/\/www.redenoticia.com.br\/noticia\/wp-json\/wp\/v2\/categories?post=95984"},{"taxonomy":"post_tag","embeddable":true,"href":"https:\/\/www.redenoticia.com.br\/noticia\/wp-json\/wp\/v2\/tags?post=95984"}],"curies":[{"name":"wp","href":"https:\/\/api.w.org\/{rel}","templated":true}]}}