{"id":95982,"date":"2016-09-26T06:06:08","date_gmt":"2016-09-26T09:06:08","guid":{"rendered":"http:\/\/www.redenoticia.com.br\/noticia\/?p=95982"},"modified":"2016-09-24T16:07:25","modified_gmt":"2016-09-24T19:07:25","slug":"estiagem-do-ano-passado-prejudica-producao-de-cafe","status":"publish","type":"post","link":"https:\/\/www.redenoticia.com.br\/noticia\/2016\/estiagem-do-ano-passado-prejudica-producao-de-cafe\/95982","title":{"rendered":"Estiagem do ano passado prejudica produ\u00e7\u00e3o de caf\u00e9"},"content":{"rendered":"<p> No ano passado, a estiagem prejudicou a <strong><em>produ\u00e7\u00e3o de caf\u00e9<\/em><\/strong> no Brasil, e houve queda de 5,7%, em compara\u00e7\u00e3o com a de 2014, com 2,6 milh\u00f5es de toneladas. N\u00e3o houve, por\u00e9m, queda no valor da produ\u00e7\u00e3o, que alcan\u00e7ou R$ 15,85 bilh\u00f5es, com varia\u00e7\u00e3o positiva de 1,1%. O caf\u00e9 corresponde a 6% do valor da produ\u00e7\u00e3o agr\u00edcola nacional.<\/p>\n<p> Os dados foram divulgados pelo Instituto Brasileiro de Geografia e Estat\u00edstica (IBGE), na pesquisa Produ\u00e7\u00e3o Agr\u00edcola Municipal (PAM) \u2013 Culturas tempor\u00e1rias e permanentes. Entre as esp\u00e9cies analisadas pelo IBGE, o caf\u00e9 ar\u00e1bica, respons\u00e1vel por 75,4% da produ\u00e7\u00e3o nacional, teve queda de 0,9% e o canephora, de 17,7%.<\/p>\n<p>O maior produtor foi Minas Gerais, respons\u00e1vel por 50,9% do total, com 1,3 milh\u00e3o de toneladas. A Zona da Mata e o sul do estado foram beneficiados pelo clima, mas a produ\u00e7\u00e3o no Cerrado caiu por falta de chuva. No Esp\u00edrito Santo, que responde por 23,4% do total nacional, houve queda de 10,2% na colheita, tamb\u00e9m devido \u00e0 escassez de chuvas. No Paran\u00e1, em que o plantio tinha sido prejudicado pela geada em 2014, a produ\u00e7\u00e3o aumentou 119%.<\/p>\n<p>A produ\u00e7\u00e3o de algod\u00e3o tamb\u00e9m caiu no ano passado, devido ao baixo pre\u00e7o no mercado, com queda de 14% na cota\u00e7\u00e3o em d\u00f3lar. A queda foi de 4% e a produ\u00e7\u00e3o ficou em 4 milh\u00f5es de toneladas. Apesar disso, as exporta\u00e7\u00f5es aumentaram e atingiram o maior n\u00edvel da hist\u00f3ria, 858,6 milh\u00f5es de toneladas, destinadas principalmente \u00e0 \u00c1sia.<\/p>\n<p>O estado de Mato Grosso lidera a produ\u00e7\u00e3o de algod\u00e3o no pa\u00eds, com 58,4% do total nacional.<\/p>\n<p>Akemi Nitahara &#8211; Rep\u00f3rter da Ag\u00eancia Brasil<br \/>\nEdi\u00e7\u00e3o: N\u00e1dia Franco<br \/>\n26\/09\/2016<\/p>\n","protected":false},"excerpt":{"rendered":"<p>No ano passado, a estiagem prejudicou a produ\u00e7\u00e3o de caf\u00e9 no Brasil, e houve queda de 5,7%, em compara\u00e7\u00e3o com a de 2014, com 2,6 milh\u00f5es de toneladas. N\u00e3o houve, por\u00e9m, queda no valor da produ\u00e7\u00e3o, que alcan\u00e7ou R$ 15,85 bilh\u00f5es, com varia\u00e7\u00e3o positiva de 1,1%. O caf\u00e9 corresponde a 6% do valor da produ\u00e7\u00e3o [&hellip;]<\/p>\n","protected":false},"author":2,"featured_media":28409,"comment_status":"open","ping_status":"closed","sticky":false,"template":"","format":"standard","meta":{"_genesis_hide_title":false,"_genesis_hide_breadcrumbs":false,"_genesis_hide_singular_image":false,"_genesis_hide_footer_widgets":false,"_genesis_custom_body_class":"","_genesis_custom_post_class":"","_genesis_layout":"","_jetpack_memberships_contains_paid_content":false,"footnotes":""},"categories":[22,7],"tags":[],"class_list":{"0":"post-95982","1":"post","2":"type-post","3":"status-publish","4":"format-standard","5":"has-post-thumbnail","7":"category-brasil","8":"category-economia","9":"entry","10":"gs-1","11":"gs-odd","12":"gs-even","13":"gs-featured-content-entry"},"jetpack_featured_media_url":"https:\/\/www.redenoticia.com.br\/noticia\/imagens\/previsao-do-tempo-e-temperatura.jpg","jetpack_sharing_enabled":true,"jetpack_likes_enabled":true,"_links":{"self":[{"href":"https:\/\/www.redenoticia.com.br\/noticia\/wp-json\/wp\/v2\/posts\/95982","targetHints":{"allow":["GET"]}}],"collection":[{"href":"https:\/\/www.redenoticia.com.br\/noticia\/wp-json\/wp\/v2\/posts"}],"about":[{"href":"https:\/\/www.redenoticia.com.br\/noticia\/wp-json\/wp\/v2\/types\/post"}],"author":[{"embeddable":true,"href":"https:\/\/www.redenoticia.com.br\/noticia\/wp-json\/wp\/v2\/users\/2"}],"replies":[{"embeddable":true,"href":"https:\/\/www.redenoticia.com.br\/noticia\/wp-json\/wp\/v2\/comments?post=95982"}],"version-history":[{"count":0,"href":"https:\/\/www.redenoticia.com.br\/noticia\/wp-json\/wp\/v2\/posts\/95982\/revisions"}],"wp:featuredmedia":[{"embeddable":true,"href":"https:\/\/www.redenoticia.com.br\/noticia\/wp-json\/wp\/v2\/media\/28409"}],"wp:attachment":[{"href":"https:\/\/www.redenoticia.com.br\/noticia\/wp-json\/wp\/v2\/media?parent=95982"}],"wp:term":[{"taxonomy":"category","embeddable":true,"href":"https:\/\/www.redenoticia.com.br\/noticia\/wp-json\/wp\/v2\/categories?post=95982"},{"taxonomy":"post_tag","embeddable":true,"href":"https:\/\/www.redenoticia.com.br\/noticia\/wp-json\/wp\/v2\/tags?post=95982"}],"curies":[{"name":"wp","href":"https:\/\/api.w.org\/{rel}","templated":true}]}}