{"id":95908,"date":"2016-09-23T06:21:37","date_gmt":"2016-09-23T09:21:37","guid":{"rendered":"http:\/\/www.redenoticia.com.br\/noticia\/?p=95908"},"modified":"2016-09-22T20:22:19","modified_gmt":"2016-09-22T23:22:19","slug":"previa-do-ipca-registra-inflacao-de-878-em-12-meses","status":"publish","type":"post","link":"https:\/\/www.redenoticia.com.br\/noticia\/2016\/previa-do-ipca-registra-inflacao-de-878-em-12-meses\/95908","title":{"rendered":"Pr\u00e9via do IPCA registra infla\u00e7\u00e3o de 8,78% em 12 meses"},"content":{"rendered":"<p> A <strong><em>pr\u00e9via da infla\u00e7\u00e3o oficial<\/em><\/strong>, medida pelo \u00cdndice Nacional de Pre\u00e7os ao Consumidor Amplo\u201315 (IPCA-15), ficou em 0,23% em setembro deste ano. Em todo o pa\u00eds, a taxa \u00e9 menor se comparada com a de agosto (0,45%) e setembro do ano passado (0,39%), segundo dados divulgados pelo Instituto Brasileiro de Geografia e Estat\u00edstica (IBGE).<\/p>\n<p>O IPCA-15 acumula taxa de 5,9% em 2016. Em 12 meses,  acumula 8,78%, abaixo dos 8,95% registrados nos 12 meses encerrados na metade de agosto. Apesar disso, a infla\u00e7\u00e3o oficial continua acima do teto da meta do governo federal, que \u00e9 de 6,5%.<\/p>\n<p>O recuo da taxa na pr\u00e9via de setembro foi influenciado principalmente pela defla\u00e7\u00e3o (queda de pre\u00e7os) de 0,01% nos alimentos. Entre os produtos que contribu\u00edram para esse resultado est\u00e3o a batata-inglesa (-14,49%), cebola (-12,3%), feij\u00e3o-carioca (-6,05%), hortali\u00e7as (-6,03%) e leite longa vida (-4,14%). Os transportes tamb\u00e9m tiveram queda de pre\u00e7os, de 0,1%.<\/p>\n<p>Gastos com habita\u00e7\u00e3o (que tiveram infla\u00e7\u00e3o de 0,48%) e vestu\u00e1rio (0,49%) continuaram pressionando a infla\u00e7\u00e3o e impedindo uma queda mais acentuada da taxa.<\/p>\n<p>Vitor Abdala \u2013 Rep\u00f3rter da Ag\u00eancia Brasil<br \/>\nEdi\u00e7\u00e3o: Kleber Sampaio<br \/>\n23\/09\/2016<\/p>\n","protected":false},"excerpt":{"rendered":"<p>A pr\u00e9via da infla\u00e7\u00e3o oficial, medida pelo \u00cdndice Nacional de Pre\u00e7os ao Consumidor Amplo\u201315 (IPCA-15), ficou em 0,23% em setembro deste ano. Em todo o pa\u00eds, a taxa \u00e9 menor se comparada com a de agosto (0,45%) e setembro do ano passado (0,39%), segundo dados divulgados pelo Instituto Brasileiro de Geografia e Estat\u00edstica (IBGE). O [&hellip;]<\/p>\n","protected":false},"author":2,"featured_media":57584,"comment_status":"open","ping_status":"closed","sticky":false,"template":"","format":"standard","meta":{"_genesis_hide_title":false,"_genesis_hide_breadcrumbs":false,"_genesis_hide_singular_image":false,"_genesis_hide_footer_widgets":false,"_genesis_custom_body_class":"","_genesis_custom_post_class":"","_genesis_layout":"","_jetpack_memberships_contains_paid_content":false,"footnotes":""},"categories":[22,7],"tags":[],"class_list":{"0":"post-95908","1":"post","2":"type-post","3":"status-publish","4":"format-standard","5":"has-post-thumbnail","7":"category-brasil","8":"category-economia","9":"entry","10":"gs-1","11":"gs-odd","12":"gs-even","13":"gs-featured-content-entry"},"jetpack_featured_media_url":"https:\/\/www.redenoticia.com.br\/noticia\/imagens\/economia-grafica-analise-inflacao.jpg","jetpack_sharing_enabled":true,"jetpack_likes_enabled":true,"_links":{"self":[{"href":"https:\/\/www.redenoticia.com.br\/noticia\/wp-json\/wp\/v2\/posts\/95908","targetHints":{"allow":["GET"]}}],"collection":[{"href":"https:\/\/www.redenoticia.com.br\/noticia\/wp-json\/wp\/v2\/posts"}],"about":[{"href":"https:\/\/www.redenoticia.com.br\/noticia\/wp-json\/wp\/v2\/types\/post"}],"author":[{"embeddable":true,"href":"https:\/\/www.redenoticia.com.br\/noticia\/wp-json\/wp\/v2\/users\/2"}],"replies":[{"embeddable":true,"href":"https:\/\/www.redenoticia.com.br\/noticia\/wp-json\/wp\/v2\/comments?post=95908"}],"version-history":[{"count":0,"href":"https:\/\/www.redenoticia.com.br\/noticia\/wp-json\/wp\/v2\/posts\/95908\/revisions"}],"wp:featuredmedia":[{"embeddable":true,"href":"https:\/\/www.redenoticia.com.br\/noticia\/wp-json\/wp\/v2\/media\/57584"}],"wp:attachment":[{"href":"https:\/\/www.redenoticia.com.br\/noticia\/wp-json\/wp\/v2\/media?parent=95908"}],"wp:term":[{"taxonomy":"category","embeddable":true,"href":"https:\/\/www.redenoticia.com.br\/noticia\/wp-json\/wp\/v2\/categories?post=95908"},{"taxonomy":"post_tag","embeddable":true,"href":"https:\/\/www.redenoticia.com.br\/noticia\/wp-json\/wp\/v2\/tags?post=95908"}],"curies":[{"name":"wp","href":"https:\/\/api.w.org\/{rel}","templated":true}]}}