{"id":95906,"date":"2016-09-23T06:19:47","date_gmt":"2016-09-23T09:19:47","guid":{"rendered":"http:\/\/www.redenoticia.com.br\/noticia\/?p=95906"},"modified":"2016-09-22T20:21:31","modified_gmt":"2016-09-22T23:21:31","slug":"crise-pode-prejudicar-entrada-no-mercado-de-trabalho-e-carreira-de-jovens","status":"publish","type":"post","link":"https:\/\/www.redenoticia.com.br\/noticia\/2016\/crise-pode-prejudicar-entrada-no-mercado-de-trabalho-e-carreira-de-jovens\/95906","title":{"rendered":"Crise pode prejudicar entrada no mercado de trabalho e carreira de jovens"},"content":{"rendered":"<p> O per\u00edodo de crise econ\u00f4mica pelo qual o pa\u00eds passa pode prejudicar a inser\u00e7\u00e3o de jovens no <strong><em>mercado de trabalho<\/em><\/strong>, segundo a especialista da Organiza\u00e7\u00e3o Internacional do Trabalho (OIT) Anne Posthuma. \u201cSe o jovem entra no mercado de trabalho em um momento de maior fragilidade, se insere em condi\u00e7\u00f5es mais prec\u00e1rias de informalidade, isso acaba marcando a sua trajet\u00f3ria. Pode at\u00e9 marcar pelo resto da carreira adulta\u201d, disse Anne ap\u00f3s palestra no semin\u00e1rio Juventude Brasileira e Trabalho Decente.<\/p>\n<p>A representante da OIT destacou que, nos anos anteriores \u00e0 crise, o crescimento econ\u00f4mico abriu espa\u00e7o para a\u00e7\u00f5es que melhorassem a situa\u00e7\u00e3o da popula\u00e7\u00e3o entre 15 e 29 anos que exerce atividades remuneradas. \u201cUm arcabou\u00e7o de pol\u00edticas p\u00fablicas que promoviam a inser\u00e7\u00e3o do jovem no mercado de trabalho, para reduzir o desemprego juvenil, aumentar a formalidade e melhorar os rendimentos dos jovens\u201d, listou, referindo-se \u00e0 situa\u00e7\u00e3o do Brasil at\u00e9 2013.<\/p>\n<p>Ajuste e reformas<\/p>\n<p> Para a coordenadora de Pesquisa e Tecnologia do Departamento Intersindical de Estat\u00edstica e Estudos Socioecon\u00f4micos (Dieese), Patr\u00edcia Pelatieri, as propostas atribu\u00eddas ao governo, como o estabelecimento de uma idade m\u00ednima para aposentadoria, podem ter impactos negativos para os trabalhadores. \u201cTodas as propostas que a\u00ed est\u00e3o afetam diretamente o mercado de trabalho: os trabalhadores e trabalhadoras que j\u00e1 est\u00e3o inseridos e aqueles que devem ser inseridos no futuro\u201d, disse.<\/p>\n<p>\u201cN\u00f3s temos um mercado de trabalho fr\u00e1gil. Mal come\u00e7amos a estrutur\u00e1-lo e as propostas v\u00eam e dizem que na arrecada\u00e7\u00e3o desse pa\u00eds n\u00f3s n\u00e3o cabemos todos\u201d, acrescentou Patr\u00edcia ao criticar a\u00e7\u00f5es que visam limitar os gastos sociais.<\/p>\n<p>Sobre a regulamenta\u00e7\u00e3o da terceiriza\u00e7\u00e3o, em tramita\u00e7\u00e3o no Senado, a especialista do Dieese disse que, caso aprovada, a medida ir\u00e1 limitar a capacidade de organiza\u00e7\u00e3o dos trabalhadores. \u201cSe passar essa proposta que est\u00e1 a\u00ed em tr\u00e2mite final, da terceiriza\u00e7\u00e3o, n\u00f3s acabaremos com todas as organiza\u00e7\u00f5es sindicais. Acabou o conceito de categoria\u201d, criticou.<\/p>\n<p>Na opini\u00e3o de Anne Posthuma, da OIT, independente de problemas conjunturais, existem desafios a serem enfrentados na quest\u00e3o do trabalho do Brasil, como a promo\u00e7\u00e3o do aumento da escolaridade dos jovens e a busca de solu\u00e7\u00f5es para aumentar a perman\u00eancia dos estudantes no ensino m\u00e9dio. \u201cO jovem, muitas vezes, \u00e9 marcado pela alta rotatividade, tem que buscar maneiras de melhorar a estabilidade\u201d, destacou.<\/p>\n<p>Diante da crise, segundo a pesquisadora da OIT, essas medidas se tornam ainda mais urgentes para que os jovens possam conciliar trabalho e estudo. \u201cSem essa concilia\u00e7\u00e3o, o jovem poder cair fora da escola ou do mercado de trabalho justamente no momento em que precisa melhorar a escolaridade e se inserir no mercado de trabalho.\u201d<\/p>\n<p>Daniel Mello &#8211; Rep\u00f3rter da Ag\u00eancia Brasil<br \/>\nEdi\u00e7\u00e3o: Luana Louren\u00e7o<br \/>\n23\/09\/2016<\/p>\n","protected":false},"excerpt":{"rendered":"<p>O per\u00edodo de crise econ\u00f4mica pelo qual o pa\u00eds passa pode prejudicar a inser\u00e7\u00e3o de jovens no mercado de trabalho, segundo a especialista da Organiza\u00e7\u00e3o Internacional do Trabalho (OIT) Anne Posthuma. \u201cSe o jovem entra no mercado de trabalho em um momento de maior fragilidade, se insere em condi\u00e7\u00f5es mais prec\u00e1rias de informalidade, isso acaba [&hellip;]<\/p>\n","protected":false},"author":2,"featured_media":57583,"comment_status":"open","ping_status":"closed","sticky":false,"template":"","format":"standard","meta":{"_genesis_hide_title":false,"_genesis_hide_breadcrumbs":false,"_genesis_hide_singular_image":false,"_genesis_hide_footer_widgets":false,"_genesis_custom_body_class":"","_genesis_custom_post_class":"","_genesis_layout":"","_jetpack_memberships_contains_paid_content":false,"footnotes":""},"categories":[22,7],"tags":[],"class_list":{"0":"post-95906","1":"post","2":"type-post","3":"status-publish","4":"format-standard","5":"has-post-thumbnail","7":"category-brasil","8":"category-economia","9":"entry","10":"gs-1","11":"gs-odd","12":"gs-even","13":"gs-featured-content-entry"},"jetpack_featured_media_url":"https:\/\/www.redenoticia.com.br\/noticia\/imagens\/economia-grafico.jpg","jetpack_sharing_enabled":true,"jetpack_likes_enabled":true,"_links":{"self":[{"href":"https:\/\/www.redenoticia.com.br\/noticia\/wp-json\/wp\/v2\/posts\/95906","targetHints":{"allow":["GET"]}}],"collection":[{"href":"https:\/\/www.redenoticia.com.br\/noticia\/wp-json\/wp\/v2\/posts"}],"about":[{"href":"https:\/\/www.redenoticia.com.br\/noticia\/wp-json\/wp\/v2\/types\/post"}],"author":[{"embeddable":true,"href":"https:\/\/www.redenoticia.com.br\/noticia\/wp-json\/wp\/v2\/users\/2"}],"replies":[{"embeddable":true,"href":"https:\/\/www.redenoticia.com.br\/noticia\/wp-json\/wp\/v2\/comments?post=95906"}],"version-history":[{"count":0,"href":"https:\/\/www.redenoticia.com.br\/noticia\/wp-json\/wp\/v2\/posts\/95906\/revisions"}],"wp:featuredmedia":[{"embeddable":true,"href":"https:\/\/www.redenoticia.com.br\/noticia\/wp-json\/wp\/v2\/media\/57583"}],"wp:attachment":[{"href":"https:\/\/www.redenoticia.com.br\/noticia\/wp-json\/wp\/v2\/media?parent=95906"}],"wp:term":[{"taxonomy":"category","embeddable":true,"href":"https:\/\/www.redenoticia.com.br\/noticia\/wp-json\/wp\/v2\/categories?post=95906"},{"taxonomy":"post_tag","embeddable":true,"href":"https:\/\/www.redenoticia.com.br\/noticia\/wp-json\/wp\/v2\/tags?post=95906"}],"curies":[{"name":"wp","href":"https:\/\/api.w.org\/{rel}","templated":true}]}}