{"id":95902,"date":"2016-09-23T06:17:16","date_gmt":"2016-09-23T09:17:16","guid":{"rendered":"http:\/\/www.redenoticia.com.br\/noticia\/?p=95902"},"modified":"2016-09-22T20:18:16","modified_gmt":"2016-09-22T23:18:16","slug":"greve-dos-bancarios-dicas-do-procon-para-evitar-prejuizos","status":"publish","type":"post","link":"https:\/\/www.redenoticia.com.br\/noticia\/2016\/greve-dos-bancarios-dicas-do-procon-para-evitar-prejuizos\/95902","title":{"rendered":"Greve dos banc\u00e1rios: dicas do Procon para evitar preju\u00edzos"},"content":{"rendered":"<p> O Procon-SP orienta os consumidores de como agir durante a <strong><em>greve dos banc\u00e1rios<\/em><\/strong> e evitar preju\u00edzos com o pagamento de contas fora dos prazos de vencimento. Confira: <\/p>\n<p>&#8211; Fique atento ao prazo de vencimento das contas para evitar despesas de juros desnecess\u00e1rios;<\/p>\n<p>&#8211; Se for o caso, procure a empresa credora e solicite orienta\u00e7\u00e3o sobre alternativas de pagamento com o c\u00f3digo de barras em caixas eletr\u00f4nicos, sites na internet, sede da empresa, casas lot\u00e9ricas e demais correspondentes banc\u00e1rios;<\/p>\n<p>&#8211; Documente o pedido de orienta\u00e7\u00e3o enviando-o por email para a empresa ou anote o protocolo de atendimento, pois caso o fornecedor n\u00e3o disponibilize op\u00e7\u00f5es para quitar o d\u00e9bito, voc\u00ea poder\u00e1 reclamar ao \u00f3rg\u00e3o de prote\u00e7\u00e3o ao consumidor;<\/p>\n<p>&#8211; Nunca aceite a ajuda de estranhos nos caixas eletr\u00f4nicos, na falta de um funcion\u00e1rio da institui\u00e7\u00e3o banc\u00e1ria. A guarda da senha e do cart\u00e3o \u00e9 de responsabilidade do correntista;<\/p>\n<p>&#8211; Algumas redes de supermercados e casas lot\u00e9ricas recebem o pagamento de boletos e contas de \u00e1gua, luz e telefone.<\/p>\n<p>Acesse o .<\/p>\n<p>Do Portal do Governo do Estado SP<\/p>\n","protected":false},"excerpt":{"rendered":"<p>O Procon-SP orienta os consumidores de como agir durante a greve dos banc\u00e1rios e evitar preju\u00edzos com o pagamento de contas fora dos prazos de vencimento. Confira: &#8211; Fique atento ao prazo de vencimento das contas para evitar despesas de juros desnecess\u00e1rios; &#8211; Se for o caso, procure a empresa credora e solicite orienta\u00e7\u00e3o sobre [&hellip;]<\/p>\n","protected":false},"author":2,"featured_media":35203,"comment_status":"open","ping_status":"closed","sticky":false,"template":"","format":"standard","meta":{"_genesis_hide_title":false,"_genesis_hide_breadcrumbs":false,"_genesis_hide_singular_image":false,"_genesis_hide_footer_widgets":false,"_genesis_custom_body_class":"","_genesis_custom_post_class":"","_genesis_layout":"","_jetpack_memberships_contains_paid_content":false,"footnotes":""},"categories":[22],"tags":[],"class_list":{"0":"post-95902","1":"post","2":"type-post","3":"status-publish","4":"format-standard","5":"has-post-thumbnail","7":"category-brasil","8":"entry","9":"gs-1","10":"gs-odd","11":"gs-even","12":"gs-featured-content-entry"},"jetpack_featured_media_url":"https:\/\/www.redenoticia.com.br\/noticia\/imagens\/cartao-credito.jpg","jetpack_sharing_enabled":true,"jetpack_likes_enabled":true,"_links":{"self":[{"href":"https:\/\/www.redenoticia.com.br\/noticia\/wp-json\/wp\/v2\/posts\/95902","targetHints":{"allow":["GET"]}}],"collection":[{"href":"https:\/\/www.redenoticia.com.br\/noticia\/wp-json\/wp\/v2\/posts"}],"about":[{"href":"https:\/\/www.redenoticia.com.br\/noticia\/wp-json\/wp\/v2\/types\/post"}],"author":[{"embeddable":true,"href":"https:\/\/www.redenoticia.com.br\/noticia\/wp-json\/wp\/v2\/users\/2"}],"replies":[{"embeddable":true,"href":"https:\/\/www.redenoticia.com.br\/noticia\/wp-json\/wp\/v2\/comments?post=95902"}],"version-history":[{"count":0,"href":"https:\/\/www.redenoticia.com.br\/noticia\/wp-json\/wp\/v2\/posts\/95902\/revisions"}],"wp:featuredmedia":[{"embeddable":true,"href":"https:\/\/www.redenoticia.com.br\/noticia\/wp-json\/wp\/v2\/media\/35203"}],"wp:attachment":[{"href":"https:\/\/www.redenoticia.com.br\/noticia\/wp-json\/wp\/v2\/media?parent=95902"}],"wp:term":[{"taxonomy":"category","embeddable":true,"href":"https:\/\/www.redenoticia.com.br\/noticia\/wp-json\/wp\/v2\/categories?post=95902"},{"taxonomy":"post_tag","embeddable":true,"href":"https:\/\/www.redenoticia.com.br\/noticia\/wp-json\/wp\/v2\/tags?post=95902"}],"curies":[{"name":"wp","href":"https:\/\/api.w.org\/{rel}","templated":true}]}}