{"id":95900,"date":"2016-09-23T06:15:52","date_gmt":"2016-09-23T09:15:52","guid":{"rendered":"http:\/\/www.redenoticia.com.br\/noticia\/?p=95900"},"modified":"2016-09-22T20:17:13","modified_gmt":"2016-09-22T23:17:13","slug":"novo-modelo-de-ensino-medio-e-lancado-em-brasilia","status":"publish","type":"post","link":"https:\/\/www.redenoticia.com.br\/noticia\/2016\/novo-modelo-de-ensino-medio-e-lancado-em-brasilia\/95900","title":{"rendered":"Novo modelo de Ensino M\u00e9dio \u00e9 lan\u00e7ado em Bras\u00edlia"},"content":{"rendered":"<p> O governador Geraldo Alckmin participou da apresenta\u00e7\u00e3o do <strong><em>novo modelo de Ensino M\u00e9dio<\/em><\/strong>. A reformula\u00e7\u00e3o, por meio de Medida Provis\u00f3ria, passa a valer a partir da publica\u00e7\u00e3o no Di\u00e1rio Oficial e tem 120 dias para ser votada pelos parlamentares.<\/p>\n<p>O estado de S\u00e3o Paulo est\u00e1 empatado com Pernambuco quanto aos \u00edndices de crescimento com rela\u00e7\u00e3o ao ensino m\u00e9dio, s\u00e3o os melhores do pa\u00eds. S\u00e3o Paulo \u00e9 o primeiro Estado a ocupar o topo do ranking dos tr\u00eas ciclos avaliados pelo Ideb &#8211; \u00cdndice de Desenvolvimento da Educa\u00e7\u00e3o B\u00e1sica. De acordo os resultados, a rede estadual paulista aparece na 1\u00aa posi\u00e7\u00e3o na an\u00e1lise do 5\u00ba e 9\u00ba anos do Ensino Fundamental e 3\u00aa s\u00e9rie do M\u00e9dio. No ano passado, os alunos matriculados na rede estadual tamb\u00e9m obtiveram m\u00e9dia hist\u00f3rica no Idesp. Na \u00faltima avalia\u00e7\u00e3o, todos os n\u00edveis tamb\u00e9m avan\u00e7aram.<\/p>\n<p>&#8220;S\u00e3o Paulo est\u00e1 em primeiro lugar, junto com Pernambuco. Os dois estados t\u00eam o maior Ideb do pa\u00eds e ainda vamos melhorar muito. Essa \u00e9 a boa iniciativa, \u00e9 uma medida necess\u00e1ria porque o ensino m\u00e9dio \u00e9 o grande desafio&#8221;, disse o governador Geraldo Alckmin, em Bras\u00edlia.<\/p>\n<p>Na nova proposta o aluno faz as disciplinas b\u00e1sicas e, para completar o curr\u00edculo, pode escolher aquelas que tenham mais a ver com os interesses dele. O objetivo \u00e9 priorizar a interdisciplinaridade e a aplica\u00e7\u00e3o de conceitos de outras \u00e1reas. O aluno, no \u00faltimo ano, tem a chance de escolher por uma \u00e1rea de interesse para se aprofundar. Outra medida prevista \u00e9 que, nos pr\u00f3ximos dez anos, 50% dos matriculados cumpram jornada escolar em tempo integral de, no m\u00ednimo, sete horas por dia em todo o ensino m\u00e9dio.<\/p>\n<p>Do Portal do Governo do Estado SP<\/p>\n","protected":false},"excerpt":{"rendered":"<p>O governador Geraldo Alckmin participou da apresenta\u00e7\u00e3o do novo modelo de Ensino M\u00e9dio. A reformula\u00e7\u00e3o, por meio de Medida Provis\u00f3ria, passa a valer a partir da publica\u00e7\u00e3o no Di\u00e1rio Oficial e tem 120 dias para ser votada pelos parlamentares. O estado de S\u00e3o Paulo est\u00e1 empatado com Pernambuco quanto aos \u00edndices de crescimento com rela\u00e7\u00e3o [&hellip;]<\/p>\n","protected":false},"author":2,"featured_media":36262,"comment_status":"open","ping_status":"closed","sticky":false,"template":"","format":"standard","meta":{"_genesis_hide_title":false,"_genesis_hide_breadcrumbs":false,"_genesis_hide_singular_image":false,"_genesis_hide_footer_widgets":false,"_genesis_custom_body_class":"","_genesis_custom_post_class":"","_genesis_layout":"","_jetpack_memberships_contains_paid_content":false,"footnotes":""},"categories":[22],"tags":[],"class_list":{"0":"post-95900","1":"post","2":"type-post","3":"status-publish","4":"format-standard","5":"has-post-thumbnail","7":"category-brasil","8":"entry","9":"gs-1","10":"gs-odd","11":"gs-even","12":"gs-featured-content-entry"},"jetpack_featured_media_url":"https:\/\/www.redenoticia.com.br\/noticia\/imagens\/aluno-a.jpg","jetpack_sharing_enabled":true,"jetpack_likes_enabled":true,"_links":{"self":[{"href":"https:\/\/www.redenoticia.com.br\/noticia\/wp-json\/wp\/v2\/posts\/95900","targetHints":{"allow":["GET"]}}],"collection":[{"href":"https:\/\/www.redenoticia.com.br\/noticia\/wp-json\/wp\/v2\/posts"}],"about":[{"href":"https:\/\/www.redenoticia.com.br\/noticia\/wp-json\/wp\/v2\/types\/post"}],"author":[{"embeddable":true,"href":"https:\/\/www.redenoticia.com.br\/noticia\/wp-json\/wp\/v2\/users\/2"}],"replies":[{"embeddable":true,"href":"https:\/\/www.redenoticia.com.br\/noticia\/wp-json\/wp\/v2\/comments?post=95900"}],"version-history":[{"count":0,"href":"https:\/\/www.redenoticia.com.br\/noticia\/wp-json\/wp\/v2\/posts\/95900\/revisions"}],"wp:featuredmedia":[{"embeddable":true,"href":"https:\/\/www.redenoticia.com.br\/noticia\/wp-json\/wp\/v2\/media\/36262"}],"wp:attachment":[{"href":"https:\/\/www.redenoticia.com.br\/noticia\/wp-json\/wp\/v2\/media?parent=95900"}],"wp:term":[{"taxonomy":"category","embeddable":true,"href":"https:\/\/www.redenoticia.com.br\/noticia\/wp-json\/wp\/v2\/categories?post=95900"},{"taxonomy":"post_tag","embeddable":true,"href":"https:\/\/www.redenoticia.com.br\/noticia\/wp-json\/wp\/v2\/tags?post=95900"}],"curies":[{"name":"wp","href":"https:\/\/api.w.org\/{rel}","templated":true}]}}