{"id":95819,"date":"2016-09-22T06:08:56","date_gmt":"2016-09-22T09:08:56","guid":{"rendered":"http:\/\/www.redenoticia.com.br\/noticia\/?p=95819"},"modified":"2016-09-21T21:05:55","modified_gmt":"2016-09-22T00:05:55","slug":"devolucao-de-cheques-recua-e-atinge-a-menor-taxa-em-12-meses","status":"publish","type":"post","link":"https:\/\/www.redenoticia.com.br\/noticia\/2016\/devolucao-de-cheques-recua-e-atinge-a-menor-taxa-em-12-meses\/95819","title":{"rendered":"Devolu\u00e7\u00e3o de cheques recua e atinge a menor taxa em 12 meses"},"content":{"rendered":"<p> Os <strong><em>cheques devolvidos<\/em><\/strong> por falta de fundos em agosto alcan\u00e7aram 2,18% do total de emiss\u00f5es. Esse percentual \u00e9 o mais baixo desde setembro do ano passado, segundo pesquisa do Indicador Serasa Experian de Cheques Sem Fundos. No m\u00eas anterior, em julho, a taxa tinha sido de 2,26% e 2,11% em igual per\u00edodo do ano passado.<\/p>\n<p>Comparado a agosto dos anos anteriores, este foi o que apresentou pior desempenho desde 1991, quando teve in\u00edcio esse levantamento. Foram compensados 50.602.130 cheques, dos quais 1.101.093 tiveram de ser devolvidos porque os correntistas n\u00e3o tinham feito a provis\u00e3o necess\u00e1ria para garantir o pagamento.<\/p>\n<p>No acumulado de janeiro a agosto, o \u00edndice atingiu 2,36%, a mais elevada da s\u00e9rie hist\u00f3rica. O estado do Amap\u00e1 aparece como a localidade em que ocorreu a maior propor\u00e7\u00e3o de devolu\u00e7\u00f5es (17,79%). Apenas em agosto, este estado registrou 16,16% ante 17,31%, em julho. Em agosto do ano passado, as devolu\u00e7\u00f5es no Amap\u00e1 somaram 10,53% do total de cheques compensados.<\/p>\n<p> A menor taxa no acumulado do ano at\u00e9 agosto foi registrada em S\u00e3o Paulo (1,79%). Por regi\u00e3o, o Nordeste lidera com 4,59%, enquanto o Sudeste teve 1,94% de devolu\u00e7\u00f5es.<\/p>\n<p>Em agosto, a regi\u00e3o Norte teve 4,19% de devolu\u00e7\u00f5es ante 4,16% em julho, e 3,99% em igual m\u00eas do ano passado. No Nordeste, a taxa ficou em 4,30%, tamb\u00e9m abaixo do m\u00eas anterior (4,56%), mas superior \u00e0 varia\u00e7\u00e3o em agosto de 2015 (4,16%).<\/p>\n<p>No Sudeste, o \u00edndice foi de 1,79%, menor do que em julho (1,86%), mas superior ao resultado do mesmo m\u00eas no ano passado (1,68%). No Sul, foram devolvidos 1,84% do total compensado, volume inferior ao montante de julho \u00faltimo (1,91%) e ao \u00edndice de agosto de 2015 ( 1,94%).<\/p>\n<p>Na avalia\u00e7\u00e3o dos economistas da Serasa Experian, o resultado de agosto evidencia o comportamento de tentativa do consumidor de sair da situa\u00e7\u00e3o de inadimpl\u00eancia, \u201creduzindo seu n\u00edvel de consumo e renegociando d\u00edvidas\u201d.<\/p>\n<p>Marli Moreira &#8211; Rep\u00f3rter da Ag\u00eancia Brasil<br \/>\nEdi\u00e7\u00e3o: Armando Cardoso<br \/>\n22\/09\/2016<\/p>\n","protected":false},"excerpt":{"rendered":"<p>Os cheques devolvidos por falta de fundos em agosto alcan\u00e7aram 2,18% do total de emiss\u00f5es. Esse percentual \u00e9 o mais baixo desde setembro do ano passado, segundo pesquisa do Indicador Serasa Experian de Cheques Sem Fundos. No m\u00eas anterior, em julho, a taxa tinha sido de 2,26% e 2,11% em igual per\u00edodo do ano passado. [&hellip;]<\/p>\n","protected":false},"author":2,"featured_media":57583,"comment_status":"open","ping_status":"closed","sticky":false,"template":"","format":"standard","meta":{"_genesis_hide_title":false,"_genesis_hide_breadcrumbs":false,"_genesis_hide_singular_image":false,"_genesis_hide_footer_widgets":false,"_genesis_custom_body_class":"","_genesis_custom_post_class":"","_genesis_layout":"","_jetpack_memberships_contains_paid_content":false,"footnotes":""},"categories":[22,7],"tags":[],"class_list":{"0":"post-95819","1":"post","2":"type-post","3":"status-publish","4":"format-standard","5":"has-post-thumbnail","7":"category-brasil","8":"category-economia","9":"entry","10":"gs-1","11":"gs-odd","12":"gs-even","13":"gs-featured-content-entry"},"jetpack_featured_media_url":"https:\/\/www.redenoticia.com.br\/noticia\/imagens\/economia-grafico.jpg","jetpack_sharing_enabled":true,"jetpack_likes_enabled":true,"_links":{"self":[{"href":"https:\/\/www.redenoticia.com.br\/noticia\/wp-json\/wp\/v2\/posts\/95819","targetHints":{"allow":["GET"]}}],"collection":[{"href":"https:\/\/www.redenoticia.com.br\/noticia\/wp-json\/wp\/v2\/posts"}],"about":[{"href":"https:\/\/www.redenoticia.com.br\/noticia\/wp-json\/wp\/v2\/types\/post"}],"author":[{"embeddable":true,"href":"https:\/\/www.redenoticia.com.br\/noticia\/wp-json\/wp\/v2\/users\/2"}],"replies":[{"embeddable":true,"href":"https:\/\/www.redenoticia.com.br\/noticia\/wp-json\/wp\/v2\/comments?post=95819"}],"version-history":[{"count":0,"href":"https:\/\/www.redenoticia.com.br\/noticia\/wp-json\/wp\/v2\/posts\/95819\/revisions"}],"wp:featuredmedia":[{"embeddable":true,"href":"https:\/\/www.redenoticia.com.br\/noticia\/wp-json\/wp\/v2\/media\/57583"}],"wp:attachment":[{"href":"https:\/\/www.redenoticia.com.br\/noticia\/wp-json\/wp\/v2\/media?parent=95819"}],"wp:term":[{"taxonomy":"category","embeddable":true,"href":"https:\/\/www.redenoticia.com.br\/noticia\/wp-json\/wp\/v2\/categories?post=95819"},{"taxonomy":"post_tag","embeddable":true,"href":"https:\/\/www.redenoticia.com.br\/noticia\/wp-json\/wp\/v2\/tags?post=95819"}],"curies":[{"name":"wp","href":"https:\/\/api.w.org\/{rel}","templated":true}]}}