{"id":95817,"date":"2016-09-22T06:07:59","date_gmt":"2016-09-22T09:07:59","guid":{"rendered":"http:\/\/www.redenoticia.com.br\/noticia\/?p=95817"},"modified":"2016-09-21T21:03:52","modified_gmt":"2016-09-22T00:03:52","slug":"maioria-dos-acordos-salariais-fica-abaixo-da-inflacao-em-agosto-diz-pesquisa","status":"publish","type":"post","link":"https:\/\/www.redenoticia.com.br\/noticia\/2016\/maioria-dos-acordos-salariais-fica-abaixo-da-inflacao-em-agosto-diz-pesquisa\/95817","title":{"rendered":"Maioria dos acordos salariais fica abaixo da infla\u00e7\u00e3o em agosto, diz pesquisa"},"content":{"rendered":"<p> Entre as <strong><em>negocia\u00e7\u00f5es salariais coletivas<\/em><\/strong> com in\u00edcio de vig\u00eancia em agosto, 51,8% ficaram abaixo da infla\u00e7\u00e3o, mostra pesquisa da Funda\u00e7\u00e3o Instituto de Pesquisas Econ\u00f4micas (Fipe). O resultado interrompe a sequ\u00eancia de queda, registrada desde mar\u00e7o, nos ajustes abaixo da infla\u00e7\u00e3o.<\/p>\n<p>Segundo o coordenador da pesquisa H\u00e9lio Zylberstajn, o resultado desfavor\u00e1vel para os trabalhadores \u00e9 reflexo da situa\u00e7\u00e3o econ\u00f4mica atual e tem duas causas. A primeira \u00e9 a infla\u00e7\u00e3o acumulada, que ainda est\u00e1 muito alta. &#8220;Uma empresa que se disp\u00f5e a repor a infla\u00e7\u00e3o tem que dar aumento de 9,6%, o que \u00e9 muita coisa.&#8221;<\/p>\n<p>O segundo fator \u00e9 que o pa\u00eds est\u00e1 em plena recess\u00e3o, e os sinais de recupera\u00e7\u00e3o ainda n\u00e3o se mostraram, disse Zylberstajn, que \u00e9 professor da Universidade de S\u00e3o Paulo (USP). &#8220;Recess\u00e3o e infla\u00e7\u00e3o alta tiram dos trabalhadores o poder de barganha.\u201d<\/p>\n<p>Zylberstajn disse que a pesquisa usa o \u00cdndice Nacional de Pre\u00e7os ao Consumidor (INPC), referente a fam\u00edlias com renda de at\u00e9 cinco sal\u00e1rios m\u00ednimos (R$ 4.400), que ficou em 9,6%. Os dados para o levantamento foram extra\u00eddos do Minist\u00e9rio do Trabalho e Emprego.<\/p>\n<p>Do total de 597 negocia\u00e7\u00f5es, 162 trataram de reajustes e 141, de pisos salariais. Dos acordos que pediam ajustes, 17 resultaram em redu\u00e7\u00e3o de jornada acompanhada de diminui\u00e7\u00e3o de sal\u00e1rios, sendo um pelo Programa de Prote\u00e7\u00e3o ao Emprego (PPE).<\/p>\n<p>\u201cDois anos atr\u00e1s, a gente viva quase o pleno emprego. Ent\u00e3o, os trabalhadores conseguiram aumentos reais, acima da infla\u00e7\u00e3o. Hoje a situa\u00e7\u00e3o \u00e9 inversa. Quando vai se reverter essa situa\u00e7\u00e3o? Quando a atividade econ\u00f4mica for retomada, o que vai demorar\u201d, afirmou Zylberstajn.<\/p>\n<p>De acordo com Zylberstajn, em tempos de recess\u00e3o, o empregador que oferecer aumento aos funcion\u00e1rios n\u00e3o conseguir\u00e1 repass\u00e1-lo aos pre\u00e7os de seus produtos e servi\u00e7os, j\u00e1 que o mercado n\u00e3o tem condi\u00e7\u00f5es de absorver aumentos.<\/p>\n<p>Fernanda Cruz \u2013 Rep\u00f3rter da Ag\u00eancia Brasil<br \/>\nEdi\u00e7\u00e3o: N\u00e1dia Franco<br \/>\n22\/09\/2016<\/p>\n","protected":false},"excerpt":{"rendered":"<p>Entre as negocia\u00e7\u00f5es salariais coletivas com in\u00edcio de vig\u00eancia em agosto, 51,8% ficaram abaixo da infla\u00e7\u00e3o, mostra pesquisa da Funda\u00e7\u00e3o Instituto de Pesquisas Econ\u00f4micas (Fipe). O resultado interrompe a sequ\u00eancia de queda, registrada desde mar\u00e7o, nos ajustes abaixo da infla\u00e7\u00e3o. Segundo o coordenador da pesquisa H\u00e9lio Zylberstajn, o resultado desfavor\u00e1vel para os trabalhadores \u00e9 reflexo [&hellip;]<\/p>\n","protected":false},"author":2,"featured_media":38938,"comment_status":"open","ping_status":"closed","sticky":false,"template":"","format":"standard","meta":{"_genesis_hide_title":false,"_genesis_hide_breadcrumbs":false,"_genesis_hide_singular_image":false,"_genesis_hide_footer_widgets":false,"_genesis_custom_body_class":"","_genesis_custom_post_class":"","_genesis_layout":"","_jetpack_memberships_contains_paid_content":false,"footnotes":""},"categories":[22,7],"tags":[],"class_list":{"0":"post-95817","1":"post","2":"type-post","3":"status-publish","4":"format-standard","5":"has-post-thumbnail","7":"category-brasil","8":"category-economia","9":"entry","10":"gs-1","11":"gs-odd","12":"gs-even","13":"gs-featured-content-entry"},"jetpack_featured_media_url":"https:\/\/www.redenoticia.com.br\/noticia\/imagens\/economia1.jpg","jetpack_sharing_enabled":true,"jetpack_likes_enabled":true,"_links":{"self":[{"href":"https:\/\/www.redenoticia.com.br\/noticia\/wp-json\/wp\/v2\/posts\/95817","targetHints":{"allow":["GET"]}}],"collection":[{"href":"https:\/\/www.redenoticia.com.br\/noticia\/wp-json\/wp\/v2\/posts"}],"about":[{"href":"https:\/\/www.redenoticia.com.br\/noticia\/wp-json\/wp\/v2\/types\/post"}],"author":[{"embeddable":true,"href":"https:\/\/www.redenoticia.com.br\/noticia\/wp-json\/wp\/v2\/users\/2"}],"replies":[{"embeddable":true,"href":"https:\/\/www.redenoticia.com.br\/noticia\/wp-json\/wp\/v2\/comments?post=95817"}],"version-history":[{"count":0,"href":"https:\/\/www.redenoticia.com.br\/noticia\/wp-json\/wp\/v2\/posts\/95817\/revisions"}],"wp:featuredmedia":[{"embeddable":true,"href":"https:\/\/www.redenoticia.com.br\/noticia\/wp-json\/wp\/v2\/media\/38938"}],"wp:attachment":[{"href":"https:\/\/www.redenoticia.com.br\/noticia\/wp-json\/wp\/v2\/media?parent=95817"}],"wp:term":[{"taxonomy":"category","embeddable":true,"href":"https:\/\/www.redenoticia.com.br\/noticia\/wp-json\/wp\/v2\/categories?post=95817"},{"taxonomy":"post_tag","embeddable":true,"href":"https:\/\/www.redenoticia.com.br\/noticia\/wp-json\/wp\/v2\/tags?post=95817"}],"curies":[{"name":"wp","href":"https:\/\/api.w.org\/{rel}","templated":true}]}}