{"id":95813,"date":"2016-09-22T06:05:08","date_gmt":"2016-09-22T09:05:08","guid":{"rendered":"http:\/\/www.redenoticia.com.br\/noticia\/?p=95813"},"modified":"2016-09-21T21:01:58","modified_gmt":"2016-09-22T00:01:58","slug":"dia-da-crianca-deve-injetar-r-73-bilhoes-no-comercio-nacional","status":"publish","type":"post","link":"https:\/\/www.redenoticia.com.br\/noticia\/2016\/dia-da-crianca-deve-injetar-r-73-bilhoes-no-comercio-nacional\/95813","title":{"rendered":"Dia da Crian\u00e7a deve injetar R$ 7,3 bilh\u00f5es no com\u00e9rcio nacional"},"content":{"rendered":"<p> Pesquisa nacional, divulgada pela Federa\u00e7\u00e3o do Com\u00e9rcio do Estado do Rio de Janeiro (Fecom\u00e9rcio-RJ) e Instituto Ipsos, revela que o <strong><em>Dia da Crian\u00e7a<\/em><\/strong> deve movimentar, em todo o pa\u00eds, cerca de R$ 7,3 bilh\u00f5es, com gasto m\u00e9dio de R$ 118,87 por pessoa. Entre as mulheres, o gasto \u00e9 menor, atingindo, em m\u00e9dia, R$ 113,35, enquanto entre os homens esse valor sobe para R$ 125,37.<\/p>\n<p>Cerca de 40% dos consumidores pretendem presentear no Dia da Crian\u00e7a, considerada a quarta maior data para o com\u00e9rcio, depois do Natal, Dia das M\u00e3es e Dia dos Namorados. A pesquisa foi efetuada entre 30 de julho e 9 de agosto, com 1.200 consumidores nas capitais Rio de Janeiro, S\u00e3o Paulo, Belo Horizonte, Vit\u00f3ria, Florian\u00f3polis, Salvador e Recife e em mais 65 munic\u00edpios brasileiros.<\/p>\n<p>Brinquedos constituem a maioria dos presentes apontados por 59% dos consultados, seguidos por roupas (27%), cal\u00e7ados (7%) e bicicletas (3%).<\/p>\n<p>Alana Gandra &#8211; Rep\u00f3rter da Ag\u00eancia Brasil<br \/>\nEdi\u00e7\u00e3o: Jorge Wamburg<br \/>\n22\/09\/2016<br \/>\n&#8212;<br \/>\nA Empresa Brasil de Comunica\u00e7\u00e3o \u00e9 uma institui\u00e7\u00e3o da democracia brasileira: p\u00fablica, inclusiva e cidad\u00e3. Criada em 2007 para fortalecer o sistema p\u00fablico de comunica\u00e7\u00e3o, \u00e9 gestora dos canais TV Brasil, TV Brasil Internacional, Ag\u00eancia Brasil, Radioag\u00eancia Nacional e do sistema p\u00fablico de R\u00e1dio \u2013 composto por oito emissoras. Estes, por sua independ\u00eancia editorial, distinguem-se dos canais estatais ou governamentais, com conte\u00fados diferenciados e complementares aos canais privados. Os ve\u00edculos da EBC t\u00eam autonomia para definir produ\u00e7\u00e3o, programa\u00e7\u00e3o e distribui\u00e7\u00e3o de conte\u00fados.<\/p>\n","protected":false},"excerpt":{"rendered":"<p>Pesquisa nacional, divulgada pela Federa\u00e7\u00e3o do Com\u00e9rcio do Estado do Rio de Janeiro (Fecom\u00e9rcio-RJ) e Instituto Ipsos, revela que o Dia da Crian\u00e7a deve movimentar, em todo o pa\u00eds, cerca de R$ 7,3 bilh\u00f5es, com gasto m\u00e9dio de R$ 118,87 por pessoa. Entre as mulheres, o gasto \u00e9 menor, atingindo, em m\u00e9dia, R$ 113,35, enquanto [&hellip;]<\/p>\n","protected":false},"author":2,"featured_media":34966,"comment_status":"open","ping_status":"closed","sticky":false,"template":"","format":"standard","meta":{"_genesis_hide_title":false,"_genesis_hide_breadcrumbs":false,"_genesis_hide_singular_image":false,"_genesis_hide_footer_widgets":false,"_genesis_custom_body_class":"","_genesis_custom_post_class":"","_genesis_layout":"","_jetpack_memberships_contains_paid_content":false,"footnotes":""},"categories":[22,7],"tags":[],"class_list":{"0":"post-95813","1":"post","2":"type-post","3":"status-publish","4":"format-standard","5":"has-post-thumbnail","7":"category-brasil","8":"category-economia","9":"entry","10":"gs-1","11":"gs-odd","12":"gs-even","13":"gs-featured-content-entry"},"jetpack_featured_media_url":"https:\/\/www.redenoticia.com.br\/noticia\/imagens\/fim-da-sacola-plastica.jpg","jetpack_sharing_enabled":true,"jetpack_likes_enabled":true,"_links":{"self":[{"href":"https:\/\/www.redenoticia.com.br\/noticia\/wp-json\/wp\/v2\/posts\/95813","targetHints":{"allow":["GET"]}}],"collection":[{"href":"https:\/\/www.redenoticia.com.br\/noticia\/wp-json\/wp\/v2\/posts"}],"about":[{"href":"https:\/\/www.redenoticia.com.br\/noticia\/wp-json\/wp\/v2\/types\/post"}],"author":[{"embeddable":true,"href":"https:\/\/www.redenoticia.com.br\/noticia\/wp-json\/wp\/v2\/users\/2"}],"replies":[{"embeddable":true,"href":"https:\/\/www.redenoticia.com.br\/noticia\/wp-json\/wp\/v2\/comments?post=95813"}],"version-history":[{"count":0,"href":"https:\/\/www.redenoticia.com.br\/noticia\/wp-json\/wp\/v2\/posts\/95813\/revisions"}],"wp:featuredmedia":[{"embeddable":true,"href":"https:\/\/www.redenoticia.com.br\/noticia\/wp-json\/wp\/v2\/media\/34966"}],"wp:attachment":[{"href":"https:\/\/www.redenoticia.com.br\/noticia\/wp-json\/wp\/v2\/media?parent=95813"}],"wp:term":[{"taxonomy":"category","embeddable":true,"href":"https:\/\/www.redenoticia.com.br\/noticia\/wp-json\/wp\/v2\/categories?post=95813"},{"taxonomy":"post_tag","embeddable":true,"href":"https:\/\/www.redenoticia.com.br\/noticia\/wp-json\/wp\/v2\/tags?post=95813"}],"curies":[{"name":"wp","href":"https:\/\/api.w.org\/{rel}","templated":true}]}}