{"id":95811,"date":"2016-09-22T06:04:06","date_gmt":"2016-09-22T09:04:06","guid":{"rendered":"http:\/\/www.redenoticia.com.br\/noticia\/?p=95811"},"modified":"2016-09-21T21:01:05","modified_gmt":"2016-09-22T00:01:05","slug":"roma-desiste-de-sediar-jogos-olimpicos-de-2024","status":"publish","type":"post","link":"https:\/\/www.redenoticia.com.br\/noticia\/2016\/roma-desiste-de-sediar-jogos-olimpicos-de-2024\/95811","title":{"rendered":"Roma desiste de sediar Jogos Ol\u00edmpicos de 2024"},"content":{"rendered":"<p> Um ano depois de ter oficializado a candidatura a cidade-sede dos <strong><em>Jogos Ol\u00edmpicos e Paral\u00edmpicos de 2024<\/em><\/strong>, Roma voltou atr\u00e1s. A prefeita Virginia Raggi anunciou a retirada da capital italiana da disputa. O abandono do projeto ol\u00edmpico foi comunicado em entrevista no Campidoglio, sede da prefeitura, Virginia Raggi ter faltado a uma reuni\u00e3o com o presidente do Comit\u00ea Ol\u00edmpico Nacional Italiano (Coni), Giovanni Malag\u00f2.<\/p>\n<p>Segundo a Ansa Brasil, seria a \u00faltima tentativa de Malag\u00f2i de reverter a decis\u00e3o da prefeita, que j\u00e1 era prevista desde que ela foi eleita, em junho passado, apesar dos apelos de cartolas, atletas e do primeiro-ministro Matteo Renzi. O encontro estava marcado para 14h30 (hor\u00e1rio local), mas, depois de uma espera de 35 minutos, a delega\u00e7\u00e3o do Coni deixou Campidoglio em protesto contra a atitude da prefeita.<\/p>\n<p>&#8220;\u00c9 irrespons\u00e1vel dizer sim a essa candidatura. Falamos isso com for\u00e7a em 2015, reiteramos na campanha eleitoral e dizemos agora. Nunca mudamos de ideia&#8221;, afirmou Virgina, ao lembrar que os romanos ainda pagam 1 bilh\u00e3o de euros da d\u00edvida relativa aos Jogos de 1960, realizados na capital italiana.<\/p>\n<p>&#8220;Sonho que se torna pesadelo&#8221;<\/p>\n<p>A prefeita de Roma disse que n\u00e3o tem nada contra a Olimp\u00edada, mas ressaltou que os Jogos viraram um neg\u00f3cio. &#8220;N\u00e3o \u00e0s Olimp\u00edadas dos tijolos. Na pr\u00e1tica, elas s\u00e3o uma esp\u00e9cie de cheque em branco assinado pelos pa\u00edses-sede. As Olimp\u00edadas s\u00e3o um sonho que se torna pesadelo. \u00c9 um neg\u00f3cio para os grandes lobbies, os grandes construtores.&#8221;<\/p>\n<p>Virginia tamb\u00e9m citou o caso do Rio de Janeiro, que acaba de sediar os Jogos Ol\u00edmpicos e Paral\u00edmpicos: &#8220;N\u00e3o temos dados do Rio, mas temos nos olhos as imagens dos habitantes do Rio.&#8221;<\/p>\n<p>Com a confirma\u00e7\u00e3o da desist\u00eancia de Roma, o gabinete da prefeita deve discutir na semana que vem uma mo\u00e7\u00e3o para retirar formalmente o apoio do Campidoglio \u00e0 candidatura, o que, na pr\u00e1tica, enterrar\u00e1 o projeto ol\u00edmpico da cidade.<\/p>\n<p>Primeira prefeita eleita em Roma, Virginia tem 37 anos e representa o Movimento 5 Estrelas (M5S), partido populista antissistema que faz oposi\u00e7\u00e3o ao governo de centro-esquerda de Renzi. O M5S sempre criticou a candidatura, e Virginia, durante a campanha eleitoral, chegou a dizer que era &#8220;criminoso&#8221; pensar em Olimp\u00edadas enquanto a capital &#8220;morre afogada em tr\u00e2nsito e buracos&#8221;.<\/p>\n<p>A candidatura da capital italiana havia sido oficializada em 11 de setembro do ano passado, quando o prefeito ainda era Ignazio Marino, de centro-esquerda, que foi derrubado meses mais tarde ap\u00f3s ter perdido o apoio de seu pr\u00f3prio partido, o PD, liderado por Renzi. A queda de Marino fortaleceu o desencanto da popula\u00e7\u00e3o com as legendas tradicionais e deu combust\u00edvel para a vit\u00f3ria de Virgina Raggi nas elei\u00e7\u00f5es antecipadas de junho deste ano, quando ela tamb\u00e9m proporcionou ao M5S o maior triunfo de sua hist\u00f3ria.<\/p>\n<p>Com a sa\u00edda de Roma, permanecem na disputa pelos Jogos de 2024 as cidades de Budapeste, Los Angeles e Paris. A prefeita da capital francesa \u00faltima, Anne Hidalgo, j\u00e1 tentou aproveitar a ocasi\u00e3o para cobrar o apoio de todos os candidatos \u00e0 Presid\u00eancia \u00e0 candidatura de Paris. &#8220;O consenso pol\u00edtico \u00e9 um elemento decisivo&#8221;, afirmou Anne Hidalgo.<\/p>\n<p>A cidade-sede dos Jogos Ol\u00edmpicos de 2024 ser\u00e1 anunciada em setembro de 2017, em Lima.<\/p>\n<p>Ag\u00eancia Brasil &#8211; Da Ansa Brasil<br \/>\n22\/09\/2016<\/p>\n","protected":false},"excerpt":{"rendered":"<p>Um ano depois de ter oficializado a candidatura a cidade-sede dos Jogos Ol\u00edmpicos e Paral\u00edmpicos de 2024, Roma voltou atr\u00e1s. A prefeita Virginia Raggi anunciou a retirada da capital italiana da disputa. O abandono do projeto ol\u00edmpico foi comunicado em entrevista no Campidoglio, sede da prefeitura, Virginia Raggi ter faltado a uma reuni\u00e3o com o [&hellip;]<\/p>\n","protected":false},"author":2,"featured_media":39880,"comment_status":"open","ping_status":"closed","sticky":false,"template":"","format":"standard","meta":{"_genesis_hide_title":false,"_genesis_hide_breadcrumbs":false,"_genesis_hide_singular_image":false,"_genesis_hide_footer_widgets":false,"_genesis_custom_body_class":"","_genesis_custom_post_class":"","_genesis_layout":"","_jetpack_memberships_contains_paid_content":false,"footnotes":""},"categories":[22],"tags":[],"class_list":{"0":"post-95811","1":"post","2":"type-post","3":"status-publish","4":"format-standard","5":"has-post-thumbnail","7":"category-brasil","8":"entry","9":"gs-1","10":"gs-odd","11":"gs-even","12":"gs-featured-content-entry"},"jetpack_featured_media_url":"https:\/\/www.redenoticia.com.br\/noticia\/imagens\/olimpiadas.jpg","jetpack_sharing_enabled":true,"jetpack_likes_enabled":true,"_links":{"self":[{"href":"https:\/\/www.redenoticia.com.br\/noticia\/wp-json\/wp\/v2\/posts\/95811","targetHints":{"allow":["GET"]}}],"collection":[{"href":"https:\/\/www.redenoticia.com.br\/noticia\/wp-json\/wp\/v2\/posts"}],"about":[{"href":"https:\/\/www.redenoticia.com.br\/noticia\/wp-json\/wp\/v2\/types\/post"}],"author":[{"embeddable":true,"href":"https:\/\/www.redenoticia.com.br\/noticia\/wp-json\/wp\/v2\/users\/2"}],"replies":[{"embeddable":true,"href":"https:\/\/www.redenoticia.com.br\/noticia\/wp-json\/wp\/v2\/comments?post=95811"}],"version-history":[{"count":0,"href":"https:\/\/www.redenoticia.com.br\/noticia\/wp-json\/wp\/v2\/posts\/95811\/revisions"}],"wp:featuredmedia":[{"embeddable":true,"href":"https:\/\/www.redenoticia.com.br\/noticia\/wp-json\/wp\/v2\/media\/39880"}],"wp:attachment":[{"href":"https:\/\/www.redenoticia.com.br\/noticia\/wp-json\/wp\/v2\/media?parent=95811"}],"wp:term":[{"taxonomy":"category","embeddable":true,"href":"https:\/\/www.redenoticia.com.br\/noticia\/wp-json\/wp\/v2\/categories?post=95811"},{"taxonomy":"post_tag","embeddable":true,"href":"https:\/\/www.redenoticia.com.br\/noticia\/wp-json\/wp\/v2\/tags?post=95811"}],"curies":[{"name":"wp","href":"https:\/\/api.w.org\/{rel}","templated":true}]}}