{"id":95736,"date":"2016-09-21T06:22:40","date_gmt":"2016-09-21T09:22:40","guid":{"rendered":"http:\/\/www.redenoticia.com.br\/noticia\/?p=95736"},"modified":"2016-09-20T19:24:59","modified_gmt":"2016-09-20T22:24:59","slug":"indicador-que-mede-atividade-economica-do-pais-sobe-07-em-agosto","status":"publish","type":"post","link":"https:\/\/www.redenoticia.com.br\/noticia\/2016\/indicador-que-mede-atividade-economica-do-pais-sobe-07-em-agosto\/95736","title":{"rendered":"Indicador que mede atividade econ\u00f4mica do pa\u00eds sobe 0,7% em agosto"},"content":{"rendered":"<p> Em agosto, o <strong><em>Indicador Antecedente Composto da Economia<\/em><\/strong> (IACE) para o Brasil, que mede a atividade econ\u00f4mica do pa\u00eds e tenta antecipar a dire\u00e7\u00e3o da economia brasileira a curto prazo, avan\u00e7ou 0,7%. Segundo o Instituto Brasileiro de Economia da Funda\u00e7\u00e3o Getulio Vargas (Ibre\/FGV) e a institui\u00e7\u00e3o The Conference Board, que divulgaram o indicador, esta foi a s\u00e9tima alta consecutiva, que alcan\u00e7ou 98,9 pontos.<\/p>\n<p>O indicador permite a compara\u00e7\u00e3o dos ciclos econ\u00f4micos do Brasil com o de outros 11 pa\u00edses e regi\u00f5es. \u201cA continuidade da trajet\u00f3ria de avan\u00e7o do Iace nos \u00faltimos meses segue sendo explicada de forma majorit\u00e1ria pelas expectativas favor\u00e1veis\u201d, disse o economista e coordenador do IPC Brasil da FGV\/Ibre, Paulo Picchetti.<\/p>\n<p>J\u00e1 o Indicador Coincidente Composto da Economia (ICCE), que mede as condi\u00e7\u00f5es econ\u00f4micas atuais e a intensidade da atividade econ\u00f4mica, apresentou queda de 0,5% entre julho e agosto, somando 97,2 pontos.<\/p>\n<p>\u201cOs acontecimentos pol\u00edticos recentes podem viabilizar escolhas que concretizem essas expectativas, que, tal como refletido pelo comportamento do Icce nesses \u00faltimos meses, ainda n\u00e3o afetaram o ambiente econ\u00f4mico atual de forma decisiva\u201d, concluiu Picchetti.<\/p>\n<p>Elaine Patricia Cruz \u2013 Rep\u00f3rter da Ag\u00eancia Brasil<br \/>\nEdi\u00e7\u00e3o: Armando Cardoso<br \/>\n21\/09\/2016<\/p>\n","protected":false},"excerpt":{"rendered":"<p>Em agosto, o Indicador Antecedente Composto da Economia (IACE) para o Brasil, que mede a atividade econ\u00f4mica do pa\u00eds e tenta antecipar a dire\u00e7\u00e3o da economia brasileira a curto prazo, avan\u00e7ou 0,7%. Segundo o Instituto Brasileiro de Economia da Funda\u00e7\u00e3o Getulio Vargas (Ibre\/FGV) e a institui\u00e7\u00e3o The Conference Board, que divulgaram o indicador, esta foi [&hellip;]<\/p>\n","protected":false},"author":2,"featured_media":57582,"comment_status":"open","ping_status":"closed","sticky":false,"template":"","format":"standard","meta":{"_genesis_hide_title":false,"_genesis_hide_breadcrumbs":false,"_genesis_hide_singular_image":false,"_genesis_hide_footer_widgets":false,"_genesis_custom_body_class":"","_genesis_custom_post_class":"","_genesis_layout":"","_jetpack_memberships_contains_paid_content":false,"footnotes":""},"categories":[22,7],"tags":[],"class_list":{"0":"post-95736","1":"post","2":"type-post","3":"status-publish","4":"format-standard","5":"has-post-thumbnail","7":"category-brasil","8":"category-economia","9":"entry","10":"gs-1","11":"gs-odd","12":"gs-even","13":"gs-featured-content-entry"},"jetpack_featured_media_url":"https:\/\/www.redenoticia.com.br\/noticia\/imagens\/grafico1.jpg","jetpack_sharing_enabled":true,"jetpack_likes_enabled":true,"_links":{"self":[{"href":"https:\/\/www.redenoticia.com.br\/noticia\/wp-json\/wp\/v2\/posts\/95736","targetHints":{"allow":["GET"]}}],"collection":[{"href":"https:\/\/www.redenoticia.com.br\/noticia\/wp-json\/wp\/v2\/posts"}],"about":[{"href":"https:\/\/www.redenoticia.com.br\/noticia\/wp-json\/wp\/v2\/types\/post"}],"author":[{"embeddable":true,"href":"https:\/\/www.redenoticia.com.br\/noticia\/wp-json\/wp\/v2\/users\/2"}],"replies":[{"embeddable":true,"href":"https:\/\/www.redenoticia.com.br\/noticia\/wp-json\/wp\/v2\/comments?post=95736"}],"version-history":[{"count":0,"href":"https:\/\/www.redenoticia.com.br\/noticia\/wp-json\/wp\/v2\/posts\/95736\/revisions"}],"wp:featuredmedia":[{"embeddable":true,"href":"https:\/\/www.redenoticia.com.br\/noticia\/wp-json\/wp\/v2\/media\/57582"}],"wp:attachment":[{"href":"https:\/\/www.redenoticia.com.br\/noticia\/wp-json\/wp\/v2\/media?parent=95736"}],"wp:term":[{"taxonomy":"category","embeddable":true,"href":"https:\/\/www.redenoticia.com.br\/noticia\/wp-json\/wp\/v2\/categories?post=95736"},{"taxonomy":"post_tag","embeddable":true,"href":"https:\/\/www.redenoticia.com.br\/noticia\/wp-json\/wp\/v2\/tags?post=95736"}],"curies":[{"name":"wp","href":"https:\/\/api.w.org\/{rel}","templated":true}]}}