{"id":95734,"date":"2016-09-21T06:20:48","date_gmt":"2016-09-21T09:20:48","guid":{"rendered":"http:\/\/www.redenoticia.com.br\/noticia\/?p=95734"},"modified":"2016-09-20T19:22:33","modified_gmt":"2016-09-20T22:22:33","slug":"cni-indice-de-confianca-do-empresario-industrial-sobe-para-537-pontos","status":"publish","type":"post","link":"https:\/\/www.redenoticia.com.br\/noticia\/2016\/cni-indice-de-confianca-do-empresario-industrial-sobe-para-537-pontos\/95734","title":{"rendered":"CNI: \u00cdndice de Confian\u00e7a do Empres\u00e1rio Industrial sobe para 53,7 pontos"},"content":{"rendered":"<p> A Confedera\u00e7\u00e3o Nacional da Ind\u00fastria (CNI) anunciou que a <strong><em>confian\u00e7a do empres\u00e1rio industrial<\/em><\/strong> \u00e9 a maior desde janeiro de 2014. O \u00cdndice de Confian\u00e7a do Empres\u00e1rio Industrial (Icei) registrou 53,7 pontos em setembro, um aumento de 2,2 pontos na compara\u00e7\u00e3o com agosto.<\/p>\n<p>O \u00edndice subiu pelo quinto m\u00eas consecutivo e acumula crescimento de 16,9 pontos no per\u00edodo. Na compara\u00e7\u00e3o com o mesmo m\u00eas de 2015, o aumento foi de 18 pontos. Os indicadores variam no intervalo de 0 a 100. Valores acima de 50 indicam situa\u00e7\u00e3o melhor ou expectativa otimista.<\/p>\n<p>N\u00fameros em alta<\/p>\n<p>Em setembro, todos os segmentos industriais (extrativa, transforma\u00e7\u00e3o e constru\u00e7\u00e3o) registraram \u00edndices de confian\u00e7a superiores a 50 pontos, o que n\u00e3o acontecia desde mar\u00e7o de 2014. Na ind\u00fastria da constru\u00e7\u00e3o, os setores Constru\u00e7\u00e3o de edif\u00edcios e Obras de infraestrutura acusaram tamb\u00e9m \u00edndices superiores a 50 pontos.<\/p>\n<p>Na extrativa, os dois setores considerados (Extra\u00e7\u00e3o de minerais met\u00e1licos e Extra\u00e7\u00e3o de minerais n\u00e3o met\u00e1licos) tamb\u00e9m anotaram confian\u00e7a dos empres\u00e1rios, al\u00e9m do segmento de transforma\u00e7\u00e3o que, de um total de 27 pontos, teve 21 com \u00edndices de 50 pontos ou mais, destacou a CNI.<\/p>\n<p>A pesquisa for realizada com 3.155 empresas &#8211; 1.247 de pequeno porte, 1.179 de m\u00e9dio porte e 729 de grande porte &#8211; entre os dias 1\u00ba e 14 de setembro de 2016.<\/p>\n<p>Da Ag\u00eancia Brasil<br \/>\nEdi\u00e7\u00e3o: Kleber Sampaio<br \/>\n21\/09\/2016<\/p>\n","protected":false},"excerpt":{"rendered":"<p>A Confedera\u00e7\u00e3o Nacional da Ind\u00fastria (CNI) anunciou que a confian\u00e7a do empres\u00e1rio industrial \u00e9 a maior desde janeiro de 2014. O \u00cdndice de Confian\u00e7a do Empres\u00e1rio Industrial (Icei) registrou 53,7 pontos em setembro, um aumento de 2,2 pontos na compara\u00e7\u00e3o com agosto. O \u00edndice subiu pelo quinto m\u00eas consecutivo e acumula crescimento de 16,9 pontos [&hellip;]<\/p>\n","protected":false},"author":2,"featured_media":57585,"comment_status":"open","ping_status":"closed","sticky":false,"template":"","format":"standard","meta":{"_genesis_hide_title":false,"_genesis_hide_breadcrumbs":false,"_genesis_hide_singular_image":false,"_genesis_hide_footer_widgets":false,"_genesis_custom_body_class":"","_genesis_custom_post_class":"","_genesis_layout":"","_jetpack_memberships_contains_paid_content":false,"footnotes":""},"categories":[22,7],"tags":[],"class_list":{"0":"post-95734","1":"post","2":"type-post","3":"status-publish","4":"format-standard","5":"has-post-thumbnail","7":"category-brasil","8":"category-economia","9":"entry","10":"gs-1","11":"gs-odd","12":"gs-even","13":"gs-featured-content-entry"},"jetpack_featured_media_url":"https:\/\/www.redenoticia.com.br\/noticia\/imagens\/analise-economia.jpg","jetpack_sharing_enabled":true,"jetpack_likes_enabled":true,"_links":{"self":[{"href":"https:\/\/www.redenoticia.com.br\/noticia\/wp-json\/wp\/v2\/posts\/95734","targetHints":{"allow":["GET"]}}],"collection":[{"href":"https:\/\/www.redenoticia.com.br\/noticia\/wp-json\/wp\/v2\/posts"}],"about":[{"href":"https:\/\/www.redenoticia.com.br\/noticia\/wp-json\/wp\/v2\/types\/post"}],"author":[{"embeddable":true,"href":"https:\/\/www.redenoticia.com.br\/noticia\/wp-json\/wp\/v2\/users\/2"}],"replies":[{"embeddable":true,"href":"https:\/\/www.redenoticia.com.br\/noticia\/wp-json\/wp\/v2\/comments?post=95734"}],"version-history":[{"count":0,"href":"https:\/\/www.redenoticia.com.br\/noticia\/wp-json\/wp\/v2\/posts\/95734\/revisions"}],"wp:featuredmedia":[{"embeddable":true,"href":"https:\/\/www.redenoticia.com.br\/noticia\/wp-json\/wp\/v2\/media\/57585"}],"wp:attachment":[{"href":"https:\/\/www.redenoticia.com.br\/noticia\/wp-json\/wp\/v2\/media?parent=95734"}],"wp:term":[{"taxonomy":"category","embeddable":true,"href":"https:\/\/www.redenoticia.com.br\/noticia\/wp-json\/wp\/v2\/categories?post=95734"},{"taxonomy":"post_tag","embeddable":true,"href":"https:\/\/www.redenoticia.com.br\/noticia\/wp-json\/wp\/v2\/tags?post=95734"}],"curies":[{"name":"wp","href":"https:\/\/api.w.org\/{rel}","templated":true}]}}