{"id":95732,"date":"2016-09-21T06:19:48","date_gmt":"2016-09-21T09:19:48","guid":{"rendered":"http:\/\/www.redenoticia.com.br\/noticia\/?p=95732"},"modified":"2016-09-20T19:20:42","modified_gmt":"2016-09-20T22:20:42","slug":"alta-mais-lenta-dos-alimentos-reduz-impacto-da-inflacao-em-sao-paulo","status":"publish","type":"post","link":"https:\/\/www.redenoticia.com.br\/noticia\/2016\/alta-mais-lenta-dos-alimentos-reduz-impacto-da-inflacao-em-sao-paulo\/95732","title":{"rendered":"Alta mais lenta dos alimentos reduz impacto da infla\u00e7\u00e3o em S\u00e3o Paulo"},"content":{"rendered":"<p> O <strong><em>\u00cdndice de Pre\u00e7os ao Consumidor<\/em><\/strong> (IPC), medido pela Funda\u00e7\u00e3o Instituto de Pesquisas Econ\u00f4micas (Fipe), na cidade de S\u00e3o Paulo, voltou a desacelerar na segunda pr\u00e9via de setembro, ao passar de 0,05% para 0,01%. Al\u00e9m de um recuo em tr\u00eas dos sete grupos de despesas, caiu o ritmo de corre\u00e7\u00e3o dos alimentos. No grupo alimenta\u00e7\u00e3o, o \u00edndice passou de 0,55% para 0,06%.<\/p>\n<p>Em habita\u00e7\u00e3o, houve queda de 0,40% ante uma redu\u00e7\u00e3o de 0,13%, na primeira pr\u00e9via. O grupo despesas pessoais se manteve em baixa, mas em velocidade mais lenta (de -0,47% para -0,19%). J\u00e1 em educa\u00e7\u00e3o, o \u00edndice mostra uma diminui\u00e7\u00e3o mais forte do que na pesquisa anterior (de -0,02% para -0,12%).<\/p>\n<p>Alta menor<\/p>\n<p>No item vestu\u00e1rio, foi verificada alta de 0,36%, mas este \u00edndice foi bem menor do que o anotado na apura\u00e7\u00e3o passada (0,76%). No grupo transportes, n\u00e3o ocorreu mudan\u00e7a em rela\u00e7\u00e3o aos pre\u00e7os praticados na primeira pr\u00e9via quando a taxa acusou varia\u00e7\u00e3o de 0,15%.<\/p>\n<p>O \u00fanico avan\u00e7o mais expressivo &#8211; comparado \u00e0 \u00faltima medi\u00e7\u00e3o &#8211; foi em sa\u00fade (de 0,52% para 0,69%). O levantamento da Fipe capta as varia\u00e7\u00f5es do custo de vida das fam\u00edlias com renda mensal entre um e dez sal\u00e1rios m\u00ednimos.<\/p>\n<p>Marli Moreira &#8211; Rep\u00f3rter da Ag\u00eancia Brasil<br \/>\nEdi\u00e7\u00e3o: Kleber Sampaio<br \/>\n21\/09\/2016<\/p>\n","protected":false},"excerpt":{"rendered":"<p>O \u00cdndice de Pre\u00e7os ao Consumidor (IPC), medido pela Funda\u00e7\u00e3o Instituto de Pesquisas Econ\u00f4micas (Fipe), na cidade de S\u00e3o Paulo, voltou a desacelerar na segunda pr\u00e9via de setembro, ao passar de 0,05% para 0,01%. Al\u00e9m de um recuo em tr\u00eas dos sete grupos de despesas, caiu o ritmo de corre\u00e7\u00e3o dos alimentos. No grupo alimenta\u00e7\u00e3o, [&hellip;]<\/p>\n","protected":false},"author":2,"featured_media":57584,"comment_status":"open","ping_status":"closed","sticky":false,"template":"","format":"standard","meta":{"_genesis_hide_title":false,"_genesis_hide_breadcrumbs":false,"_genesis_hide_singular_image":false,"_genesis_hide_footer_widgets":false,"_genesis_custom_body_class":"","_genesis_custom_post_class":"","_genesis_layout":"","_jetpack_memberships_contains_paid_content":false,"footnotes":""},"categories":[22,7],"tags":[],"class_list":{"0":"post-95732","1":"post","2":"type-post","3":"status-publish","4":"format-standard","5":"has-post-thumbnail","7":"category-brasil","8":"category-economia","9":"entry","10":"gs-1","11":"gs-odd","12":"gs-even","13":"gs-featured-content-entry"},"jetpack_featured_media_url":"https:\/\/www.redenoticia.com.br\/noticia\/imagens\/economia-grafica-analise-inflacao.jpg","jetpack_sharing_enabled":true,"jetpack_likes_enabled":true,"_links":{"self":[{"href":"https:\/\/www.redenoticia.com.br\/noticia\/wp-json\/wp\/v2\/posts\/95732","targetHints":{"allow":["GET"]}}],"collection":[{"href":"https:\/\/www.redenoticia.com.br\/noticia\/wp-json\/wp\/v2\/posts"}],"about":[{"href":"https:\/\/www.redenoticia.com.br\/noticia\/wp-json\/wp\/v2\/types\/post"}],"author":[{"embeddable":true,"href":"https:\/\/www.redenoticia.com.br\/noticia\/wp-json\/wp\/v2\/users\/2"}],"replies":[{"embeddable":true,"href":"https:\/\/www.redenoticia.com.br\/noticia\/wp-json\/wp\/v2\/comments?post=95732"}],"version-history":[{"count":0,"href":"https:\/\/www.redenoticia.com.br\/noticia\/wp-json\/wp\/v2\/posts\/95732\/revisions"}],"wp:featuredmedia":[{"embeddable":true,"href":"https:\/\/www.redenoticia.com.br\/noticia\/wp-json\/wp\/v2\/media\/57584"}],"wp:attachment":[{"href":"https:\/\/www.redenoticia.com.br\/noticia\/wp-json\/wp\/v2\/media?parent=95732"}],"wp:term":[{"taxonomy":"category","embeddable":true,"href":"https:\/\/www.redenoticia.com.br\/noticia\/wp-json\/wp\/v2\/categories?post=95732"},{"taxonomy":"post_tag","embeddable":true,"href":"https:\/\/www.redenoticia.com.br\/noticia\/wp-json\/wp\/v2\/tags?post=95732"}],"curies":[{"name":"wp","href":"https:\/\/api.w.org\/{rel}","templated":true}]}}