{"id":95636,"date":"2016-09-20T06:06:46","date_gmt":"2016-09-20T09:06:46","guid":{"rendered":"http:\/\/www.redenoticia.com.br\/noticia\/?p=95636"},"modified":"2016-09-19T18:57:36","modified_gmt":"2016-09-19T21:57:36","slug":"intencao-de-consumo-das-familias-cresce-41-entre-agosto-e-setembro","status":"publish","type":"post","link":"https:\/\/www.redenoticia.com.br\/noticia\/2016\/intencao-de-consumo-das-familias-cresce-41-entre-agosto-e-setembro\/95636","title":{"rendered":"Inten\u00e7\u00e3o de Consumo das Fam\u00edlias cresce 4,1% entre agosto e setembro"},"content":{"rendered":"<p> A <strong><em>Inten\u00e7\u00e3o de Consumo das Fam\u00edlias<\/em><\/strong> (ICF), medida pela Confedera\u00e7\u00e3o Nacional do Com\u00e9rcio de Bens, Servi\u00e7os e Turismo (CNC), cresceu 4,1% na passagem de agosto para setembro deste ano. Na compara\u00e7\u00e3o com setembro de 2015, no entanto, o indicador teve queda de 9,6%, a 45\u00aa consecutiva neste tipo de compara\u00e7\u00e3o.<\/p>\n<p>O \u00edndice ficou em 72,1 pontos, em uma escala de 0 a 200. Segundo a escala da CNC, quando a ICF fica abaixo de 100 pontos, os consumidores est\u00e3o insatisfeitos com a situa\u00e7\u00e3o atual da economia.<\/p>\n<p>Na compara\u00e7\u00e3o com agosto deste ano, houve alta nos sete componentes da ICF, com destaque para perspectiva de consumo (8,5%) e momento para a compra de bens dur\u00e1veis (6,3%). Os demais componentes tiveram as seguintes altas: n\u00edvel de consumo atual (4,9%), perspectiva profissional (3,6%), renda atual (3,6%), emprego atual (2,5%) e compra a prazo (2,2%).<\/p>\n<p>Em rela\u00e7\u00e3o a setembro de 2015, por outro lado, houve queda em todos os indicadores: n\u00edvel de consumo atual (-22,5%), compra a prazo (-16,5%), momento para compra de bens dur\u00e1veis (-15,1%), renda atual (-10,7%), perspectiva de consumo (-8,6%), emprego atual (-2%) e perspectiva profissional (-1,3%).<\/p>\n<p>De acordo com a CNC, \u201co volume de vendas do com\u00e9rcio varejista brasileiro no conceito restrito recuou 0,3% entre os meses de junho e julho, de acordo com os dados da Pesquisa Mensal de Com\u00e9rcio (PMC) divulgada pelo Instituto Brasileiro de Geografia e Estat\u00edstica (IBGE). A queda do d\u00f3lar nos tr\u00eas meses terminados em julho (-8,6%) e a rea\u00e7\u00e3o da confian\u00e7a dos consumidores, embora ainda insuficientes para permitir uma recupera\u00e7\u00e3o do setor, t\u00eam viabilizado perdas menores nos \u00faltimos meses\u201d, informa a nota de an\u00e1lise dos resultados da pesquisa.<\/p>\n<p>Vitor Abdala \u2013 Rep\u00f3rter da Ag\u00eancia Brasil<br \/>\nEdi\u00e7\u00e3o: N\u00e1dia Franco<br \/>\n20\/09\/2016<\/p>\n","protected":false},"excerpt":{"rendered":"<p>A Inten\u00e7\u00e3o de Consumo das Fam\u00edlias (ICF), medida pela Confedera\u00e7\u00e3o Nacional do Com\u00e9rcio de Bens, Servi\u00e7os e Turismo (CNC), cresceu 4,1% na passagem de agosto para setembro deste ano. Na compara\u00e7\u00e3o com setembro de 2015, no entanto, o indicador teve queda de 9,6%, a 45\u00aa consecutiva neste tipo de compara\u00e7\u00e3o. O \u00edndice ficou em 72,1 [&hellip;]<\/p>\n","protected":false},"author":2,"featured_media":38938,"comment_status":"open","ping_status":"closed","sticky":false,"template":"","format":"standard","meta":{"_genesis_hide_title":false,"_genesis_hide_breadcrumbs":false,"_genesis_hide_singular_image":false,"_genesis_hide_footer_widgets":false,"_genesis_custom_body_class":"","_genesis_custom_post_class":"","_genesis_layout":"","_jetpack_memberships_contains_paid_content":false,"footnotes":""},"categories":[22,7],"tags":[],"class_list":{"0":"post-95636","1":"post","2":"type-post","3":"status-publish","4":"format-standard","5":"has-post-thumbnail","7":"category-brasil","8":"category-economia","9":"entry","10":"gs-1","11":"gs-odd","12":"gs-even","13":"gs-featured-content-entry"},"jetpack_featured_media_url":"https:\/\/www.redenoticia.com.br\/noticia\/imagens\/economia1.jpg","jetpack_sharing_enabled":true,"jetpack_likes_enabled":true,"_links":{"self":[{"href":"https:\/\/www.redenoticia.com.br\/noticia\/wp-json\/wp\/v2\/posts\/95636","targetHints":{"allow":["GET"]}}],"collection":[{"href":"https:\/\/www.redenoticia.com.br\/noticia\/wp-json\/wp\/v2\/posts"}],"about":[{"href":"https:\/\/www.redenoticia.com.br\/noticia\/wp-json\/wp\/v2\/types\/post"}],"author":[{"embeddable":true,"href":"https:\/\/www.redenoticia.com.br\/noticia\/wp-json\/wp\/v2\/users\/2"}],"replies":[{"embeddable":true,"href":"https:\/\/www.redenoticia.com.br\/noticia\/wp-json\/wp\/v2\/comments?post=95636"}],"version-history":[{"count":0,"href":"https:\/\/www.redenoticia.com.br\/noticia\/wp-json\/wp\/v2\/posts\/95636\/revisions"}],"wp:featuredmedia":[{"embeddable":true,"href":"https:\/\/www.redenoticia.com.br\/noticia\/wp-json\/wp\/v2\/media\/38938"}],"wp:attachment":[{"href":"https:\/\/www.redenoticia.com.br\/noticia\/wp-json\/wp\/v2\/media?parent=95636"}],"wp:term":[{"taxonomy":"category","embeddable":true,"href":"https:\/\/www.redenoticia.com.br\/noticia\/wp-json\/wp\/v2\/categories?post=95636"},{"taxonomy":"post_tag","embeddable":true,"href":"https:\/\/www.redenoticia.com.br\/noticia\/wp-json\/wp\/v2\/tags?post=95636"}],"curies":[{"name":"wp","href":"https:\/\/api.w.org\/{rel}","templated":true}]}}