{"id":95513,"date":"2016-09-19T06:37:47","date_gmt":"2016-09-19T09:37:47","guid":{"rendered":"http:\/\/www.redenoticia.com.br\/noticia\/?p=95513"},"modified":"2016-09-18T11:38:30","modified_gmt":"2016-09-18T14:38:30","slug":"ipc-s-tem-variacao-de-027","status":"publish","type":"post","link":"https:\/\/www.redenoticia.com.br\/noticia\/2016\/ipc-s-tem-variacao-de-027\/95513","title":{"rendered":"IPC-S tem varia\u00e7\u00e3o de 0,27%"},"content":{"rendered":"<p> O \u00cdndice de Pre\u00e7os ao Consumidor Semanal (<strong><em>IPC-S<\/em><\/strong>), calculado pela Funda\u00e7\u00e3o Getulio Vargas (FGV), apresentou varia\u00e7\u00e3o de 0,27%, 0,07 ponto percentual abaixo da taxa registrada na \u00faltima divulga\u00e7\u00e3o. Na apura\u00e7\u00e3o do dia 15 de setembro, cinco das oito classes de despesa componentes do \u00edndice apresentaram decr\u00e9scimo em suas taxas de varia\u00e7\u00e3o. A maior contribui\u00e7\u00e3o partiu do grupo alimenta\u00e7\u00e3o (0,76% para 0,44%), com destaque para o item latic\u00ednios, em que a taxa passou de 1,99% para -0,21%.<\/p>\n<p>Segundo os dados, os outros grupos que registraram queda foram educa\u00e7\u00e3o, leitura e recrea\u00e7\u00e3o (0,92% para 0,72%), com destaque para show musical (8,25% para 6,04%); despesas diversas (-0,10% para -0,22%), com destaque para cigarros (-0,34% para -0,55%); sa\u00fade e cuidados pessoais (0,44% para 0,39%), com destaque para medicamentos em geral (0,16% para 0,08%); e comunica\u00e7\u00e3o (0,01% para -0,01%), com a principal contribui\u00e7\u00e3o sendo de mensalidade para internet (0,47% para 0,17%).<\/p>\n<p>Os grupos habita\u00e7\u00e3o (0,11% para 0,21%), transportes (0,01% para 0,04%) e vestu\u00e1rio (-0,17% para 0,05%) apresentaram acr\u00e9scimo em suas taxas de varia\u00e7\u00e3o. Nessas classes de despesa, as maiores contribui\u00e7\u00f5es partiram dos itens tarifa de eletricidade residencial (-0,63% para -0,29%), autom\u00f3vel novo (0,40% para 0,66%) e cal\u00e7ados (-0,46% para -0,08%), respectivamente.<\/p>\n<p>Fl\u00e1via Albuquerque &#8211; Rep\u00f3rter da Ag\u00eancia Brasil<br \/>\nEdi\u00e7\u00e3o: Gra\u00e7a Adjuto<br \/>\n19\/09\/2016 <\/p>\n","protected":false},"excerpt":{"rendered":"<p>O \u00cdndice de Pre\u00e7os ao Consumidor Semanal (IPC-S), calculado pela Funda\u00e7\u00e3o Getulio Vargas (FGV), apresentou varia\u00e7\u00e3o de 0,27%, 0,07 ponto percentual abaixo da taxa registrada na \u00faltima divulga\u00e7\u00e3o. Na apura\u00e7\u00e3o do dia 15 de setembro, cinco das oito classes de despesa componentes do \u00edndice apresentaram decr\u00e9scimo em suas taxas de varia\u00e7\u00e3o. A maior contribui\u00e7\u00e3o partiu [&hellip;]<\/p>\n","protected":false},"author":2,"featured_media":57582,"comment_status":"open","ping_status":"closed","sticky":false,"template":"","format":"standard","meta":{"_genesis_hide_title":false,"_genesis_hide_breadcrumbs":false,"_genesis_hide_singular_image":false,"_genesis_hide_footer_widgets":false,"_genesis_custom_body_class":"","_genesis_custom_post_class":"","_genesis_layout":"","_jetpack_memberships_contains_paid_content":false,"footnotes":""},"categories":[22,7],"tags":[],"class_list":{"0":"post-95513","1":"post","2":"type-post","3":"status-publish","4":"format-standard","5":"has-post-thumbnail","7":"category-brasil","8":"category-economia","9":"entry","10":"gs-1","11":"gs-odd","12":"gs-even","13":"gs-featured-content-entry"},"jetpack_featured_media_url":"https:\/\/www.redenoticia.com.br\/noticia\/imagens\/grafico1.jpg","jetpack_sharing_enabled":true,"jetpack_likes_enabled":true,"_links":{"self":[{"href":"https:\/\/www.redenoticia.com.br\/noticia\/wp-json\/wp\/v2\/posts\/95513","targetHints":{"allow":["GET"]}}],"collection":[{"href":"https:\/\/www.redenoticia.com.br\/noticia\/wp-json\/wp\/v2\/posts"}],"about":[{"href":"https:\/\/www.redenoticia.com.br\/noticia\/wp-json\/wp\/v2\/types\/post"}],"author":[{"embeddable":true,"href":"https:\/\/www.redenoticia.com.br\/noticia\/wp-json\/wp\/v2\/users\/2"}],"replies":[{"embeddable":true,"href":"https:\/\/www.redenoticia.com.br\/noticia\/wp-json\/wp\/v2\/comments?post=95513"}],"version-history":[{"count":0,"href":"https:\/\/www.redenoticia.com.br\/noticia\/wp-json\/wp\/v2\/posts\/95513\/revisions"}],"wp:featuredmedia":[{"embeddable":true,"href":"https:\/\/www.redenoticia.com.br\/noticia\/wp-json\/wp\/v2\/media\/57582"}],"wp:attachment":[{"href":"https:\/\/www.redenoticia.com.br\/noticia\/wp-json\/wp\/v2\/media?parent=95513"}],"wp:term":[{"taxonomy":"category","embeddable":true,"href":"https:\/\/www.redenoticia.com.br\/noticia\/wp-json\/wp\/v2\/categories?post=95513"},{"taxonomy":"post_tag","embeddable":true,"href":"https:\/\/www.redenoticia.com.br\/noticia\/wp-json\/wp\/v2\/tags?post=95513"}],"curies":[{"name":"wp","href":"https:\/\/api.w.org\/{rel}","templated":true}]}}