{"id":95511,"date":"2016-09-19T06:36:41","date_gmt":"2016-09-19T09:36:41","guid":{"rendered":"http:\/\/www.redenoticia.com.br\/noticia\/?p=95511"},"modified":"2016-09-18T11:37:41","modified_gmt":"2016-09-18T14:37:41","slug":"setor-de-servicos-tem-crescimento-de-07-de-junho-para-julho","status":"publish","type":"post","link":"https:\/\/www.redenoticia.com.br\/noticia\/2016\/setor-de-servicos-tem-crescimento-de-07-de-junho-para-julho\/95511","title":{"rendered":"Setor de servi\u00e7os tem crescimento de 0,7% de junho para julho"},"content":{"rendered":"<p> O <strong><em>volume do setor de servi\u00e7os<\/em><\/strong> cresceu 0,7% em julho deste ano, na compara\u00e7\u00e3o com o m\u00eas anterior, depois de recuar 0,2% em junho. Segundo a Pesquisa Mensal de Servi\u00e7os, do Instituto Brasileiro de Geografia e Estat\u00edstica (IBGE), a receita nominal cresceu 1,2% entre junho e julho deste ano.<\/p>\n<p>Nos outros tipos de compara\u00e7\u00e3o, o volume registrou quedas: em rela\u00e7\u00e3o a julho de 2015 (-4,5%), no acumulado ao ano (-4,8%) e no acumulado de 12 meses (-4,9%). A receita teve altas de 0,3% na compara\u00e7\u00e3o com julho do ano passado, 0,2% no acumulado do ano e 0,1% no acumulado de 12 meses.<\/p>\n<p>A alta de 0,7% entre junho e julho deste ano foi motivada por crescimentos nos segmentos de servi\u00e7os prestados \u00e0s fam\u00edlias (3,2%), outros servi\u00e7os (1,9%), atividades tur\u00edsticas (0,7%) e servi\u00e7os profissionais, administrativos e complementares (0,3%).<\/p>\n<p>Os servi\u00e7os de informa\u00e7\u00e3o e comunica\u00e7\u00e3o mantiveram-se est\u00e1veis, enquanto os transportes, servi\u00e7os auxiliares de transporte e correio tiveram queda de 0,3%.<\/p>\n<p>Vitor Abdala \u2013 Rep\u00f3rter da Ag\u00eancia Brasil<br \/>\nEdi\u00e7\u00e3o: Gra\u00e7a Adjuto<br \/>\n19\/09\/2016 <\/p>\n","protected":false},"excerpt":{"rendered":"<p>O volume do setor de servi\u00e7os cresceu 0,7% em julho deste ano, na compara\u00e7\u00e3o com o m\u00eas anterior, depois de recuar 0,2% em junho. Segundo a Pesquisa Mensal de Servi\u00e7os, do Instituto Brasileiro de Geografia e Estat\u00edstica (IBGE), a receita nominal cresceu 1,2% entre junho e julho deste ano. Nos outros tipos de compara\u00e7\u00e3o, o [&hellip;]<\/p>\n","protected":false},"author":2,"featured_media":57583,"comment_status":"open","ping_status":"closed","sticky":false,"template":"","format":"standard","meta":{"_genesis_hide_title":false,"_genesis_hide_breadcrumbs":false,"_genesis_hide_singular_image":false,"_genesis_hide_footer_widgets":false,"_genesis_custom_body_class":"","_genesis_custom_post_class":"","_genesis_layout":"","_jetpack_memberships_contains_paid_content":false,"footnotes":""},"categories":[22,7],"tags":[],"class_list":{"0":"post-95511","1":"post","2":"type-post","3":"status-publish","4":"format-standard","5":"has-post-thumbnail","7":"category-brasil","8":"category-economia","9":"entry","10":"gs-1","11":"gs-odd","12":"gs-even","13":"gs-featured-content-entry"},"jetpack_featured_media_url":"https:\/\/www.redenoticia.com.br\/noticia\/imagens\/economia-grafico.jpg","jetpack_sharing_enabled":true,"jetpack_likes_enabled":true,"_links":{"self":[{"href":"https:\/\/www.redenoticia.com.br\/noticia\/wp-json\/wp\/v2\/posts\/95511","targetHints":{"allow":["GET"]}}],"collection":[{"href":"https:\/\/www.redenoticia.com.br\/noticia\/wp-json\/wp\/v2\/posts"}],"about":[{"href":"https:\/\/www.redenoticia.com.br\/noticia\/wp-json\/wp\/v2\/types\/post"}],"author":[{"embeddable":true,"href":"https:\/\/www.redenoticia.com.br\/noticia\/wp-json\/wp\/v2\/users\/2"}],"replies":[{"embeddable":true,"href":"https:\/\/www.redenoticia.com.br\/noticia\/wp-json\/wp\/v2\/comments?post=95511"}],"version-history":[{"count":0,"href":"https:\/\/www.redenoticia.com.br\/noticia\/wp-json\/wp\/v2\/posts\/95511\/revisions"}],"wp:featuredmedia":[{"embeddable":true,"href":"https:\/\/www.redenoticia.com.br\/noticia\/wp-json\/wp\/v2\/media\/57583"}],"wp:attachment":[{"href":"https:\/\/www.redenoticia.com.br\/noticia\/wp-json\/wp\/v2\/media?parent=95511"}],"wp:term":[{"taxonomy":"category","embeddable":true,"href":"https:\/\/www.redenoticia.com.br\/noticia\/wp-json\/wp\/v2\/categories?post=95511"},{"taxonomy":"post_tag","embeddable":true,"href":"https:\/\/www.redenoticia.com.br\/noticia\/wp-json\/wp\/v2\/tags?post=95511"}],"curies":[{"name":"wp","href":"https:\/\/api.w.org\/{rel}","templated":true}]}}