{"id":95413,"date":"2016-09-16T06:14:39","date_gmt":"2016-09-16T09:14:39","guid":{"rendered":"http:\/\/www.redenoticia.com.br\/noticia\/?p=95413"},"modified":"2016-09-15T21:15:49","modified_gmt":"2016-09-16T00:15:49","slug":"sebrae-defende-terceirizacao-e-contratacoes-part-time","status":"publish","type":"post","link":"https:\/\/www.redenoticia.com.br\/noticia\/2016\/sebrae-defende-terceirizacao-e-contratacoes-part-time\/95413","title":{"rendered":"Sebrae defende terceiriza\u00e7\u00e3o e contrata\u00e7\u00f5es part-time"},"content":{"rendered":"<p> O presidente do Servi\u00e7o Brasileiro de Apoio \u00e0 Micro e Pequena Empresa (Sebrae), Guilherme Afif Domingos, disse que a terceiriza\u00e7\u00e3o de atividades empresariais n\u00e3o representa precariza\u00e7\u00e3o do emprego, mas a possibilidade de ampliar a <strong><em>oferta de vagas no mercado de trabalho<\/em><\/strong>.<\/p>\n<p>Afif defendeu tamb\u00e9m a contrata\u00e7\u00e3o part-time (tempo parcial) de trabalhadores, formato que possibilitaria a contrata\u00e7\u00e3o de m\u00e3o-de-obra por um n\u00famero de horas di\u00e1rias menor, conforme negocia\u00e7\u00e3o com o trabalhador. As declara\u00e7\u00f5es foram dadas ap\u00f3s encontro dele com o ministro-chefe da Casa Civil, Eliseu Padilha, no Pal\u00e1cio do Planalto.<\/p>\n<p>\u201cPara n\u00f3s, a terceiriza\u00e7\u00e3o, no curto prazo, ajuda muito no processo de gera\u00e7\u00e3o de emprego. \u00c9 um fator de gera\u00e7\u00e3o de emprego. N\u00e3o \u00e9 de precariza\u00e7\u00e3o do emprego, porque precariza\u00e7\u00e3o \u00e9 falta de emprego. Temos de buscar formas de facilitar a gera\u00e7\u00e3o de emprego e renda\u201d, disse ele ap\u00f3s o encontro.<\/p>\n<p>Na reuni\u00e3o com Padilha, Afif apresentou, em nome de pequenas e m\u00e9dias empresas, avalia\u00e7\u00f5es sobre o andamento da lei de terceiriza\u00e7\u00e3o que, segundo ele, teve tramita\u00e7\u00e3o muito tumultuada nos \u00faltimos tempos. De acordo com Afif, o governo vai buscar a forma mais f\u00e1cil para esse projeto tramitar. &#8220;Existem dois projetos atualmente em tramita\u00e7\u00e3o no Congresso Nacional. Teremos de optar por um\u201d, disse ele, na expectativa de chegar a um denominador comum com o governo federal.<\/p>\n<p>\u201cVim trazer a vis\u00e3o da micro e pequena empresas, altamente interessadas no processo da terceiriza\u00e7\u00e3o, porque \u00e9 a oportunidade do surgimento de muitas atividades de pequenos empreendedores que hoje s\u00e3o trabalhadores, mas identificam a oportunidade de ser fornecedores da empresa para a qual trabalham por conta pr\u00f3pria\u201d, ressaltou Afif, que destacou a necessidade de, inclusive, buscar uma melhor defini\u00e7\u00e3o conceitual de terceiriza\u00e7\u00e3o.<\/p>\n<p>Entre os principais pontos defendidos pelo Sebrae apresentados na conversa com o ministro, est\u00e1 a desregulamenta\u00e7\u00e3o do processo de trabalho que, segundo a entidade, apresenta muitas regulamenta\u00e7\u00f5es e travas. \u201cQualquer coisa na \u00e1rea trabalhista \u00e9 imensamente trabalhosa e com obriga\u00e7\u00f5es acess\u00f3rias insuport\u00e1veis, imposs\u00edveis principalmente para o pequeno. Uma grande empresa tem um departamento de recursos humanos. Pequena empresa n\u00e3o tem nem departamento pessoal. Quem cuida \u00e9 o contador. Portanto, tem grande dificuldade de lidar com essa burocracia\u201d, acrescentou.<\/p>\n<p>Part-time<\/p>\n<p>Afif disse que defender\u00e1, nas conversas com o governo, uma reforma da legisla\u00e7\u00e3o trabalhista que preveja a possibilidade de contratos part-time de servi\u00e7os. Segundo ele, essa proposta j\u00e1 conta com o apoio de algumas centrais sindicais.<\/p>\n<p>\u201cPart-time \u00e9 a possibilidade de escolha, pelo trabalhador, do n\u00famero de horas por dia a serem trabalhadas. Isso se aplica a jovens e pessoas de mais idade, que sejam aposentados e querem trabalhar, por exemplo, tr\u00eas horas por dia recebendo por hora trabalhada para cobrir, tamb\u00e9m por exemplo, o intervalo de almo\u00e7o de outra pessoa. Hoje nossa legisla\u00e7\u00e3o complexa e complicada n\u00e3o permite isso\u201d.<\/p>\n<p>Pedro Peduzzi \u2013 Rep\u00f3rter da Ag\u00eancia Brasil<br \/>\nEdi\u00e7\u00e3o: N\u00e1dia Franco<br \/>\n16\/09\/2016 <\/p>\n","protected":false},"excerpt":{"rendered":"<p>O presidente do Servi\u00e7o Brasileiro de Apoio \u00e0 Micro e Pequena Empresa (Sebrae), Guilherme Afif Domingos, disse que a terceiriza\u00e7\u00e3o de atividades empresariais n\u00e3o representa precariza\u00e7\u00e3o do emprego, mas a possibilidade de ampliar a oferta de vagas no mercado de trabalho. Afif defendeu tamb\u00e9m a contrata\u00e7\u00e3o part-time (tempo parcial) de trabalhadores, formato que possibilitaria a [&hellip;]<\/p>\n","protected":false},"author":2,"featured_media":40636,"comment_status":"open","ping_status":"closed","sticky":false,"template":"","format":"standard","meta":{"_genesis_hide_title":false,"_genesis_hide_breadcrumbs":false,"_genesis_hide_singular_image":false,"_genesis_hide_footer_widgets":false,"_genesis_custom_body_class":"","_genesis_custom_post_class":"","_genesis_layout":"","_jetpack_memberships_contains_paid_content":false,"footnotes":""},"categories":[22,7],"tags":[],"class_list":{"0":"post-95413","1":"post","2":"type-post","3":"status-publish","4":"format-standard","5":"has-post-thumbnail","7":"category-brasil","8":"category-economia","9":"entry","10":"gs-1","11":"gs-odd","12":"gs-even","13":"gs-featured-content-entry"},"jetpack_featured_media_url":"https:\/\/www.redenoticia.com.br\/noticia\/imagens\/economia-analise.jpg","jetpack_sharing_enabled":true,"jetpack_likes_enabled":true,"_links":{"self":[{"href":"https:\/\/www.redenoticia.com.br\/noticia\/wp-json\/wp\/v2\/posts\/95413","targetHints":{"allow":["GET"]}}],"collection":[{"href":"https:\/\/www.redenoticia.com.br\/noticia\/wp-json\/wp\/v2\/posts"}],"about":[{"href":"https:\/\/www.redenoticia.com.br\/noticia\/wp-json\/wp\/v2\/types\/post"}],"author":[{"embeddable":true,"href":"https:\/\/www.redenoticia.com.br\/noticia\/wp-json\/wp\/v2\/users\/2"}],"replies":[{"embeddable":true,"href":"https:\/\/www.redenoticia.com.br\/noticia\/wp-json\/wp\/v2\/comments?post=95413"}],"version-history":[{"count":0,"href":"https:\/\/www.redenoticia.com.br\/noticia\/wp-json\/wp\/v2\/posts\/95413\/revisions"}],"wp:featuredmedia":[{"embeddable":true,"href":"https:\/\/www.redenoticia.com.br\/noticia\/wp-json\/wp\/v2\/media\/40636"}],"wp:attachment":[{"href":"https:\/\/www.redenoticia.com.br\/noticia\/wp-json\/wp\/v2\/media?parent=95413"}],"wp:term":[{"taxonomy":"category","embeddable":true,"href":"https:\/\/www.redenoticia.com.br\/noticia\/wp-json\/wp\/v2\/categories?post=95413"},{"taxonomy":"post_tag","embeddable":true,"href":"https:\/\/www.redenoticia.com.br\/noticia\/wp-json\/wp\/v2\/tags?post=95413"}],"curies":[{"name":"wp","href":"https:\/\/api.w.org\/{rel}","templated":true}]}}